{"id":11884,"date":"2025-05-12T08:22:33","date_gmt":"2025-05-12T06:22:33","guid":{"rendered":"https:\/\/3belazirc.hu\/wp\/?p=11884"},"modified":"2025-05-12T08:22:33","modified_gmt":"2025-05-12T06:22:33","slug":"szanyi-irma-regionalis-zongoraversenyen-szekesfehervar","status":"publish","type":"post","link":"https:\/\/3belazirc.hu\/wp\/szanyi-irma-regionalis-zongoraversenyen-szekesfehervar\/","title":{"rendered":"Szanyi Irma Region\u00e1lis Zongoraversenyen &#8211; Sz\u00e9kesfeh\u00e9rv\u00e1r"},"content":{"rendered":"<p>K\u00e9t verseny k\u00e9t h\u00e9t alatt: tehets\u00e9ges tan\u00edtv\u00e1nyaink gy\u00f6ny\u00f6r\u0171 eredm\u00e9nyekkel k\u00e1pr\u00e1ztattak el minket \u00e9s a versenyz\u0151i csapat egy f\u0151vel gyarapodott. Szanyi Irma Region\u00e1lis Zongoraversenyen Sz\u00e9kesfeh\u00e9rv\u00e1ron els\u0151 verseny\u00e9n Heim \u00c1bris kiemelt arany min\u0151s\u00edt\u00e9ssel ind\u00edtott, Varga Levente kiemelt arany min\u0151s\u00edt\u00e9st \u00e9s a Chopin m\u0171 el\u0151ad\u00e1s\u00e1\u00e9rt k\u00fcl\u00f6nd\u00edjat kapott, J\u00f3f\u00f6ldi Kata arany min\u0151s\u00edt\u00e9st kapott \u00e9s egy h\u00e9ttel kor\u00e1bban Veszpr\u00e9mben a Lantos Magda Region\u00e1lis Zongoraverseny nagyd\u00edj\u00e1t kapta, Levente j\u00e1t\u00e9k\u00e1t itt arany min\u0151s\u00edt\u00e9ssel jutalmazta a zs\u0171ri \u00e9s m\u00e9g a felk\u00e9sz\u00edt\u0151 tan\u00e1roknak, Zsuzs\u00e1nak \u00e9s nekem is, \u00f6sszezongor\u00e1ztak\u00a0<span class=\"_5mfr\"><span class=\"_6qdm\">\ud83d\ude1c<\/span><\/span><span class=\"_5mfr\"><span class=\"_6qdm\">\ud83d\ude09<\/span><\/span>\u00a0egy tan\u00e1ri k\u00fcl\u00f6nd\u00edjat.<\/p>\n<p><em>Kapit\u00e1ny D\u00e9nes<\/em><\/p>\n<div id='gallery-1' class='gallery galleryid-11884 gallery-columns-2 gallery-size-medium'><figure class='gallery-item'>\n\t\t\t<div class='gallery-icon landscape'>\n\t\t\t\t<a href='https:\/\/3belazirc.hu\/wp\/wp-content\/uploads\/2025\/05\/491808885_1422711918716402_353016640463851967_n.jpg' title=\"491808885_1422711918716402_353016640463851967_n\" data-rl_title=\"491808885_1422711918716402_353016640463851967_n\" class=\"rl-gallery-link\" data-rl_caption=\"\" data-rel=\"lightbox-gallery-1\"><img decoding=\"async\" width=\"300\" height=\"225\" src=\"https:\/\/3belazirc.hu\/wp\/wp-content\/uploads\/2025\/05\/491808885_1422711918716402_353016640463851967_n-300x225.jpg\" class=\"attachment-medium size-medium\" alt=\"\" srcset=\"https:\/\/3belazirc.hu\/wp\/wp-content\/uploads\/2025\/05\/491808885_1422711918716402_353016640463851967_n-300x225.jpg 300w, https:\/\/3belazirc.hu\/wp\/wp-content\/uploads\/2025\/05\/491808885_1422711918716402_353016640463851967_n-700x525.jpg 700w, https:\/\/3belazirc.hu\/wp\/wp-content\/uploads\/2025\/05\/491808885_1422711918716402_353016640463851967_n-768x576.jpg 768w, https:\/\/3belazirc.hu\/wp\/wp-content\/uploads\/2025\/05\/491808885_1422711918716402_353016640463851967_n-1536x1152.jpg 1536w, https:\/\/3belazirc.hu\/wp\/wp-content\/uploads\/2025\/05\/491808885_1422711918716402_353016640463851967_n-16x12.jpg 16w, https:\/\/3belazirc.hu\/wp\/wp-content\/uploads\/2025\/05\/491808885_1422711918716402_353016640463851967_n-640x480.jpg 640w, https:\/\/3belazirc.hu\/wp\/wp-content\/uploads\/2025\/05\/491808885_1422711918716402_353016640463851967_n-800x600.jpg 800w, https:\/\/3belazirc.hu\/wp\/wp-content\/uploads\/2025\/05\/491808885_1422711918716402_353016640463851967_n-80x60.jpg 80w, https:\/\/3belazirc.hu\/wp\/wp-content\/uploads\/2025\/05\/491808885_1422711918716402_353016640463851967_n.jpg 2048w\" sizes=\"(max-width: 300px) 100vw, 300px\" \/><\/a>\n\t\t\t<\/div><\/figure><figure class='gallery-item'>\n\t\t\t<div class='gallery-icon portrait'>\n\t\t\t\t<a href='https:\/\/3belazirc.hu\/wp\/wp-content\/uploads\/2025\/05\/491807606_1422712382049689_2700346594627333515_n.jpg' title=\"491807606_1422712382049689_2700346594627333515_n\" data-rl_title=\"491807606_1422712382049689_2700346594627333515_n\" class=\"rl-gallery-link\" data-rl_caption=\"\" data-rel=\"lightbox-gallery-1\"><img decoding=\"async\" width=\"292\" height=\"300\" src=\"https:\/\/3belazirc.hu\/wp\/wp-content\/uploads\/2025\/05\/491807606_1422712382049689_2700346594627333515_n-292x300.jpg\" class=\"attachment-medium size-medium\" alt=\"\" srcset=\"https:\/\/3belazirc.hu\/wp\/wp-content\/uploads\/2025\/05\/491807606_1422712382049689_2700346594627333515_n-292x300.jpg 292w, https:\/\/3belazirc.hu\/wp\/wp-content\/uploads\/2025\/05\/491807606_1422712382049689_2700346594627333515_n-700x719.jpg 700w, https:\/\/3belazirc.hu\/wp\/wp-content\/uploads\/2025\/05\/491807606_1422712382049689_2700346594627333515_n-768x789.jpg 768w, https:\/\/3belazirc.hu\/wp\/wp-content\/uploads\/2025\/05\/491807606_1422712382049689_2700346594627333515_n-1496x1536.jpg 1496w, https:\/\/3belazirc.hu\/wp\/wp-content\/uploads\/2025\/05\/491807606_1422712382049689_2700346594627333515_n-12x12.jpg 12w, https:\/\/3belazirc.hu\/wp\/wp-content\/uploads\/2025\/05\/491807606_1422712382049689_2700346594627333515_n-640x657.jpg 640w, https:\/\/3belazirc.hu\/wp\/wp-content\/uploads\/2025\/05\/491807606_1422712382049689_2700346594627333515_n-800x822.jpg 800w, https:\/\/3belazirc.hu\/wp\/wp-content\/uploads\/2025\/05\/491807606_1422712382049689_2700346594627333515_n.jpg 1994w\" sizes=\"(max-width: 292px) 100vw, 292px\" \/><\/a>\n\t\t\t<\/div><\/figure><figure class='gallery-item'>\n\t\t\t<div class='gallery-icon portrait'>\n\t\t\t\t<a href='https:\/\/3belazirc.hu\/wp\/wp-content\/uploads\/2025\/05\/492042397_1422712312049696_593217559469339780_n.jpg' title=\"492042397_1422712312049696_593217559469339780_n\" data-rl_title=\"492042397_1422712312049696_593217559469339780_n\" class=\"rl-gallery-link\" data-rl_caption=\"\" data-rel=\"lightbox-gallery-1\"><img decoding=\"async\" width=\"293\" height=\"300\" src=\"https:\/\/3belazirc.hu\/wp\/wp-content\/uploads\/2025\/05\/492042397_1422712312049696_593217559469339780_n-293x300.jpg\" class=\"attachment-medium size-medium\" alt=\"\" srcset=\"https:\/\/3belazirc.hu\/wp\/wp-content\/uploads\/2025\/05\/492042397_1422712312049696_593217559469339780_n-293x300.jpg 293w, https:\/\/3belazirc.hu\/wp\/wp-content\/uploads\/2025\/05\/492042397_1422712312049696_593217559469339780_n-700x716.jpg 700w, https:\/\/3belazirc.hu\/wp\/wp-content\/uploads\/2025\/05\/492042397_1422712312049696_593217559469339780_n-768x786.jpg 768w, https:\/\/3belazirc.hu\/wp\/wp-content\/uploads\/2025\/05\/492042397_1422712312049696_593217559469339780_n-1501x1536.jpg 1501w, https:\/\/3belazirc.hu\/wp\/wp-content\/uploads\/2025\/05\/492042397_1422712312049696_593217559469339780_n-12x12.jpg 12w, https:\/\/3belazirc.hu\/wp\/wp-content\/uploads\/2025\/05\/492042397_1422712312049696_593217559469339780_n-640x655.jpg 640w, https:\/\/3belazirc.hu\/wp\/wp-content\/uploads\/2025\/05\/492042397_1422712312049696_593217559469339780_n-800x819.jpg 800w, https:\/\/3belazirc.hu\/wp\/wp-content\/uploads\/2025\/05\/492042397_1422712312049696_593217559469339780_n.jpg 2001w\" sizes=\"(max-width: 293px) 100vw, 293px\" \/><\/a>\n\t\t\t<\/div><\/figure><figure class='gallery-item'>\n\t\t\t<div class='gallery-icon landscape'>\n\t\t\t\t<a href='https:\/\/3belazirc.hu\/wp\/wp-content\/uploads\/2025\/05\/491754409_1422712188716375_7289991443038732693_n.jpg' title=\"491754409_1422712188716375_7289991443038732693_n\" data-rl_title=\"491754409_1422712188716375_7289991443038732693_n\" class=\"rl-gallery-link\" data-rl_caption=\"\" data-rel=\"lightbox-gallery-1\"><img decoding=\"async\" width=\"300\" height=\"300\" src=\"https:\/\/3belazirc.hu\/wp\/wp-content\/uploads\/2025\/05\/491754409_1422712188716375_7289991443038732693_n-300x300.jpg\" class=\"attachment-medium size-medium\" alt=\"\" srcset=\"https:\/\/3belazirc.hu\/wp\/wp-content\/uploads\/2025\/05\/491754409_1422712188716375_7289991443038732693_n-300x300.jpg 300w, https:\/\/3belazirc.hu\/wp\/wp-content\/uploads\/2025\/05\/491754409_1422712188716375_7289991443038732693_n-700x700.jpg 700w, https:\/\/3belazirc.hu\/wp\/wp-content\/uploads\/2025\/05\/491754409_1422712188716375_7289991443038732693_n-150x150.jpg 150w, https:\/\/3belazirc.hu\/wp\/wp-content\/uploads\/2025\/05\/491754409_1422712188716375_7289991443038732693_n-768x768.jpg 768w, https:\/\/3belazirc.hu\/wp\/wp-content\/uploads\/2025\/05\/491754409_1422712188716375_7289991443038732693_n-1536x1536.jpg 1536w, https:\/\/3belazirc.hu\/wp\/wp-content\/uploads\/2025\/05\/491754409_1422712188716375_7289991443038732693_n-12x12.jpg 12w, https:\/\/3belazirc.hu\/wp\/wp-content\/uploads\/2025\/05\/491754409_1422712188716375_7289991443038732693_n-640x640.jpg 640w, https:\/\/3belazirc.hu\/wp\/wp-content\/uploads\/2025\/05\/491754409_1422712188716375_7289991443038732693_n-800x800.jpg 800w, https:\/\/3belazirc.hu\/wp\/wp-content\/uploads\/2025\/05\/491754409_1422712188716375_7289991443038732693_n.jpg 2048w\" sizes=\"(max-width: 300px) 100vw, 300px\" \/><\/a>\n\t\t\t<\/div><\/figure>\n\t\t<\/div>\n\n","protected":false},"excerpt":{"rendered":"<p>K\u00e9t verseny k\u00e9t h\u00e9t alatt: tehets\u00e9ges tan\u00edtv\u00e1nyaink gy\u00f6ny\u00f6r\u0171 eredm\u00e9nyekkel k\u00e1pr\u00e1ztattak el minket \u00e9s a versenyz\u0151i csapat egy f\u0151vel gyarapodott. Szanyi Irma Region\u00e1lis Zongoraversenyen Sz\u00e9kesfeh\u00e9rv\u00e1ron els\u0151 verseny\u00e9n Heim \u00c1bris kiemelt arany min\u0151s\u00edt\u00e9ssel ind\u00edtott, Varga Levente kiemelt arany min\u0151s\u00edt\u00e9st \u00e9s a Chopin m\u0171 el\u0151ad\u00e1s\u00e1\u00e9rt k\u00fcl\u00f6nd\u00edjat kapott, J\u00f3f\u00f6ldi Kata arany min\u0151s\u00edt\u00e9st kapott \u00e9s egy h\u00e9ttel kor\u00e1bban Veszpr\u00e9mben a&#8230;<\/p>\n","protected":false},"author":1,"featured_media":11888,"comment_status":"closed","ping_status":"open","sticky":false,"template":"","format":"standard","meta":{"_crdt_document":"","footnotes":""},"categories":[16,169],"tags":[],"class_list":["post-11884","post","type-post","status-publish","format-standard","has-post-thumbnail","hentry","category-szoveg","category-beszamolo"],"yoast_head":"<!-- This site is optimized with the Yoast SEO plugin v27.4 - https:\/\/yoast.com\/product\/yoast-seo-wordpress\/ -->\n<title>Szanyi Irma Region\u00e1lis Zongoraversenyen - Sz\u00e9kesfeh\u00e9rv\u00e1r - III. B\u00e9la Gimn\u00e1zium, M\u0171v\u00e9szeti Szakgimn\u00e1zium \u00e9s Alapfok\u00fa M\u0171v\u00e9szeti Iskola<\/title>\n<meta name=\"robots\" content=\"index, follow, max-snippet:-1, max-image-preview:large, max-video-preview:-1\" \/>\n<link rel=\"canonical\" href=\"https:\/\/3belazirc.hu\/wp\/szanyi-irma-regionalis-zongoraversenyen-szekesfehervar\/\" \/>\n<meta property=\"og:locale\" content=\"hu_HU\" \/>\n<meta property=\"og:type\" content=\"article\" \/>\n<meta property=\"og:title\" content=\"Szanyi Irma Region\u00e1lis Zongoraversenyen - Sz\u00e9kesfeh\u00e9rv\u00e1r - III. B\u00e9la Gimn\u00e1zium, M\u0171v\u00e9szeti Szakgimn\u00e1zium \u00e9s Alapfok\u00fa M\u0171v\u00e9szeti Iskola\" \/>\n<meta property=\"og:description\" content=\"K\u00e9t verseny k\u00e9t h\u00e9t alatt: tehets\u00e9ges tan\u00edtv\u00e1nyaink gy\u00f6ny\u00f6r\u0171 eredm\u00e9nyekkel k\u00e1pr\u00e1ztattak el minket \u00e9s a versenyz\u0151i csapat egy f\u0151vel gyarapodott. Szanyi Irma Region\u00e1lis Zongoraversenyen Sz\u00e9kesfeh\u00e9rv\u00e1ron els\u0151 verseny\u00e9n Heim \u00c1bris kiemelt arany min\u0151s\u00edt\u00e9ssel ind\u00edtott, Varga Levente kiemelt arany min\u0151s\u00edt\u00e9st \u00e9s a Chopin m\u0171 el\u0151ad\u00e1s\u00e1\u00e9rt k\u00fcl\u00f6nd\u00edjat kapott, J\u00f3f\u00f6ldi Kata arany min\u0151s\u00edt\u00e9st kapott \u00e9s egy h\u00e9ttel kor\u00e1bban Veszpr\u00e9mben a...\" \/>\n<meta property=\"og:url\" content=\"https:\/\/3belazirc.hu\/wp\/szanyi-irma-regionalis-zongoraversenyen-szekesfehervar\/\" \/>\n<meta property=\"og:site_name\" content=\"III. B\u00e9la Gimn\u00e1zium, M\u0171v\u00e9szeti Szakgimn\u00e1zium \u00e9s Alapfok\u00fa M\u0171v\u00e9szeti Iskola\" \/>\n<meta property=\"article:publisher\" content=\"https:\/\/www.facebook.com\/3belazirc\/\" \/>\n<meta property=\"article:author\" content=\"https:\/\/www.facebook.com\/SilentlambDesign\/\" \/>\n<meta property=\"article:published_time\" content=\"2025-05-12T06:22:33+00:00\" \/>\n<meta property=\"og:image\" content=\"https:\/\/3belazirc.hu\/wp\/wp-content\/uploads\/2025\/05\/491808885_1422711918716402_353016640463851967_n.jpg\" \/>\n\t<meta property=\"og:image:width\" content=\"2048\" \/>\n\t<meta property=\"og:image:height\" content=\"1536\" \/>\n\t<meta property=\"og:image:type\" content=\"image\/jpeg\" \/>\n<meta name=\"author\" content=\"Radics P\u00e9ter\" \/>\n<meta name=\"twitter:card\" content=\"summary_large_image\" \/>\n<meta name=\"twitter:creator\" content=\"@d4rksh33p\" \/>\n<meta name=\"twitter:label1\" content=\"Szerz\u0151:\" \/>\n\t<meta name=\"twitter:data1\" content=\"Radics P\u00e9ter\" \/>\n\t<meta name=\"twitter:label2\" content=\"Becs\u00fclt olvas\u00e1si id\u0151\" \/>\n\t<meta name=\"twitter:data2\" content=\"1 perc\" \/>\n<script type=\"application\/ld+json\" class=\"yoast-schema-graph\">{\"@context\":\"https:\\\/\\\/schema.org\",\"@graph\":[{\"@type\":\"Article\",\"@id\":\"https:\\\/\\\/3belazirc.hu\\\/wp\\\/szanyi-irma-regionalis-zongoraversenyen-szekesfehervar\\\/#article\",\"isPartOf\":{\"@id\":\"https:\\\/\\\/3belazirc.hu\\\/wp\\\/szanyi-irma-regionalis-zongoraversenyen-szekesfehervar\\\/\"},\"author\":{\"name\":\"Radics P\u00e9ter\",\"@id\":\"https:\\\/\\\/3belazirc.hu\\\/wp\\\/#\\\/schema\\\/person\\\/6f0c73969d88f5abb80e0fcfa21912c5\"},\"headline\":\"Szanyi Irma Region\u00e1lis Zongoraversenyen &#8211; Sz\u00e9kesfeh\u00e9rv\u00e1r\",\"datePublished\":\"2025-05-12T06:22:33+00:00\",\"mainEntityOfPage\":{\"@id\":\"https:\\\/\\\/3belazirc.hu\\\/wp\\\/szanyi-irma-regionalis-zongoraversenyen-szekesfehervar\\\/\"},\"wordCount\":164,\"image\":{\"@id\":\"https:\\\/\\\/3belazirc.hu\\\/wp\\\/szanyi-irma-regionalis-zongoraversenyen-szekesfehervar\\\/#primaryimage\"},\"thumbnailUrl\":\"https:\\\/\\\/3belazirc.hu\\\/wp\\\/wp-content\\\/uploads\\\/2025\\\/05\\\/491808885_1422711918716402_353016640463851967_n.jpg\",\"articleSection\":[\"Bejegyz\u00e9s\",\"Besz\u00e1mol\u00f3\"],\"inLanguage\":\"hu\"},{\"@type\":\"WebPage\",\"@id\":\"https:\\\/\\\/3belazirc.hu\\\/wp\\\/szanyi-irma-regionalis-zongoraversenyen-szekesfehervar\\\/\",\"url\":\"https:\\\/\\\/3belazirc.hu\\\/wp\\\/szanyi-irma-regionalis-zongoraversenyen-szekesfehervar\\\/\",\"name\":\"Szanyi Irma Region\u00e1lis Zongoraversenyen - Sz\u00e9kesfeh\u00e9rv\u00e1r - III. B\u00e9la Gimn\u00e1zium, M\u0171v\u00e9szeti Szakgimn\u00e1zium \u00e9s Alapfok\u00fa M\u0171v\u00e9szeti Iskola\",\"isPartOf\":{\"@id\":\"https:\\\/\\\/3belazirc.hu\\\/wp\\\/#website\"},\"primaryImageOfPage\":{\"@id\":\"https:\\\/\\\/3belazirc.hu\\\/wp\\\/szanyi-irma-regionalis-zongoraversenyen-szekesfehervar\\\/#primaryimage\"},\"image\":{\"@id\":\"https:\\\/\\\/3belazirc.hu\\\/wp\\\/szanyi-irma-regionalis-zongoraversenyen-szekesfehervar\\\/#primaryimage\"},\"thumbnailUrl\":\"https:\\\/\\\/3belazirc.hu\\\/wp\\\/wp-content\\\/uploads\\\/2025\\\/05\\\/491808885_1422711918716402_353016640463851967_n.jpg\",\"datePublished\":\"2025-05-12T06:22:33+00:00\",\"author\":{\"@id\":\"https:\\\/\\\/3belazirc.hu\\\/wp\\\/#\\\/schema\\\/person\\\/6f0c73969d88f5abb80e0fcfa21912c5\"},\"breadcrumb\":{\"@id\":\"https:\\\/\\\/3belazirc.hu\\\/wp\\\/szanyi-irma-regionalis-zongoraversenyen-szekesfehervar\\\/#breadcrumb\"},\"inLanguage\":\"hu\",\"potentialAction\":[{\"@type\":\"ReadAction\",\"target\":[\"https:\\\/\\\/3belazirc.hu\\\/wp\\\/szanyi-irma-regionalis-zongoraversenyen-szekesfehervar\\\/\"]}]},{\"@type\":\"ImageObject\",\"inLanguage\":\"hu\",\"@id\":\"https:\\\/\\\/3belazirc.hu\\\/wp\\\/szanyi-irma-regionalis-zongoraversenyen-szekesfehervar\\\/#primaryimage\",\"url\":\"https:\\\/\\\/3belazirc.hu\\\/wp\\\/wp-content\\\/uploads\\\/2025\\\/05\\\/491808885_1422711918716402_353016640463851967_n.jpg\",\"contentUrl\":\"https:\\\/\\\/3belazirc.hu\\\/wp\\\/wp-content\\\/uploads\\\/2025\\\/05\\\/491808885_1422711918716402_353016640463851967_n.jpg\",\"width\":2048,\"height\":1536},{\"@type\":\"BreadcrumbList\",\"@id\":\"https:\\\/\\\/3belazirc.hu\\\/wp\\\/szanyi-irma-regionalis-zongoraversenyen-szekesfehervar\\\/#breadcrumb\",\"itemListElement\":[{\"@type\":\"ListItem\",\"position\":1,\"name\":\"Home\",\"item\":\"https:\\\/\\\/3belazirc.hu\\\/wp\\\/\"},{\"@type\":\"ListItem\",\"position\":2,\"name\":\"Szanyi Irma Region\u00e1lis Zongoraversenyen &#8211; Sz\u00e9kesfeh\u00e9rv\u00e1r\"}]},{\"@type\":\"WebSite\",\"@id\":\"https:\\\/\\\/3belazirc.hu\\\/wp\\\/#website\",\"url\":\"https:\\\/\\\/3belazirc.hu\\\/wp\\\/\",\"name\":\"III. B\u00e9la Gimn\u00e1zium, M\u0171v\u00e9szeti Szakgimn\u00e1zium \u00e9s AMI\",\"description\":\"8420, Zirc K\u00f6zt\u00e1rsas\u00e1g utca 9. | tel: 88\\\/414-449 | mobil: 06-30-811-3176 | email: 3bela@bela-zirc.edu.hu | www.facebook.com\\\/iiibelazirc www.facebook.com\\\/zircizeneiskola\",\"potentialAction\":[{\"@type\":\"SearchAction\",\"target\":{\"@type\":\"EntryPoint\",\"urlTemplate\":\"https:\\\/\\\/3belazirc.hu\\\/wp\\\/?s={search_term_string}\"},\"query-input\":{\"@type\":\"PropertyValueSpecification\",\"valueRequired\":true,\"valueName\":\"search_term_string\"}}],\"inLanguage\":\"hu\"},{\"@type\":\"Person\",\"@id\":\"https:\\\/\\\/3belazirc.hu\\\/wp\\\/#\\\/schema\\\/person\\\/6f0c73969d88f5abb80e0fcfa21912c5\",\"name\":\"Radics P\u00e9ter\",\"image\":{\"@type\":\"ImageObject\",\"inLanguage\":\"hu\",\"@id\":\"https:\\\/\\\/secure.gravatar.com\\\/avatar\\\/7546a48bbb6268c82e7e07e29f09f5253c4dd44d4a78ad4dac31ec9ff18e81df?s=96&d=mm&r=g\",\"url\":\"https:\\\/\\\/secure.gravatar.com\\\/avatar\\\/7546a48bbb6268c82e7e07e29f09f5253c4dd44d4a78ad4dac31ec9ff18e81df?s=96&d=mm&r=g\",\"contentUrl\":\"https:\\\/\\\/secure.gravatar.com\\\/avatar\\\/7546a48bbb6268c82e7e07e29f09f5253c4dd44d4a78ad4dac31ec9ff18e81df?s=96&d=mm&r=g\",\"caption\":\"Radics P\u00e9ter\"},\"sameAs\":[\"http:\\\/\\\/silentlamb.hu\",\"https:\\\/\\\/www.facebook.com\\\/SilentlambDesign\\\/\",\"https:\\\/\\\/www.instagram.com\\\/d4rksh33p\\\/?hl=hu\",\"https:\\\/\\\/x.com\\\/d4rksh33p\"]}]}<\/script>\n<!-- \/ Yoast SEO plugin. -->","yoast_head_json":{"title":"Szanyi Irma Region\u00e1lis Zongoraversenyen - Sz\u00e9kesfeh\u00e9rv\u00e1r - III. B\u00e9la Gimn\u00e1zium, M\u0171v\u00e9szeti Szakgimn\u00e1zium \u00e9s Alapfok\u00fa M\u0171v\u00e9szeti Iskola","robots":{"index":"index","follow":"follow","max-snippet":"max-snippet:-1","max-image-preview":"max-image-preview:large","max-video-preview":"max-video-preview:-1"},"canonical":"https:\/\/3belazirc.hu\/wp\/szanyi-irma-regionalis-zongoraversenyen-szekesfehervar\/","og_locale":"hu_HU","og_type":"article","og_title":"Szanyi Irma Region\u00e1lis Zongoraversenyen - Sz\u00e9kesfeh\u00e9rv\u00e1r - III. B\u00e9la Gimn\u00e1zium, M\u0171v\u00e9szeti Szakgimn\u00e1zium \u00e9s Alapfok\u00fa M\u0171v\u00e9szeti Iskola","og_description":"K\u00e9t verseny k\u00e9t h\u00e9t alatt: tehets\u00e9ges tan\u00edtv\u00e1nyaink gy\u00f6ny\u00f6r\u0171 eredm\u00e9nyekkel k\u00e1pr\u00e1ztattak el minket \u00e9s a versenyz\u0151i csapat egy f\u0151vel gyarapodott. Szanyi Irma Region\u00e1lis Zongoraversenyen Sz\u00e9kesfeh\u00e9rv\u00e1ron els\u0151 verseny\u00e9n Heim \u00c1bris kiemelt arany min\u0151s\u00edt\u00e9ssel ind\u00edtott, Varga Levente kiemelt arany min\u0151s\u00edt\u00e9st \u00e9s a Chopin m\u0171 el\u0151ad\u00e1s\u00e1\u00e9rt k\u00fcl\u00f6nd\u00edjat kapott, J\u00f3f\u00f6ldi Kata arany min\u0151s\u00edt\u00e9st kapott \u00e9s egy h\u00e9ttel kor\u00e1bban Veszpr\u00e9mben a...","og_url":"https:\/\/3belazirc.hu\/wp\/szanyi-irma-regionalis-zongoraversenyen-szekesfehervar\/","og_site_name":"III. B\u00e9la Gimn\u00e1zium, M\u0171v\u00e9szeti Szakgimn\u00e1zium \u00e9s Alapfok\u00fa M\u0171v\u00e9szeti Iskola","article_publisher":"https:\/\/www.facebook.com\/3belazirc\/","article_author":"https:\/\/www.facebook.com\/SilentlambDesign\/","article_published_time":"2025-05-12T06:22:33+00:00","og_image":[{"width":2048,"height":1536,"url":"https:\/\/3belazirc.hu\/wp\/wp-content\/uploads\/2025\/05\/491808885_1422711918716402_353016640463851967_n.jpg","type":"image\/jpeg"}],"author":"Radics P\u00e9ter","twitter_card":"summary_large_image","twitter_creator":"@d4rksh33p","twitter_misc":{"Szerz\u0151:":"Radics P\u00e9ter","Becs\u00fclt olvas\u00e1si id\u0151":"1 perc"},"schema":{"@context":"https:\/\/schema.org","@graph":[{"@type":"Article","@id":"https:\/\/3belazirc.hu\/wp\/szanyi-irma-regionalis-zongoraversenyen-szekesfehervar\/#article","isPartOf":{"@id":"https:\/\/3belazirc.hu\/wp\/szanyi-irma-regionalis-zongoraversenyen-szekesfehervar\/"},"author":{"name":"Radics P\u00e9ter","@id":"https:\/\/3belazirc.hu\/wp\/#\/schema\/person\/6f0c73969d88f5abb80e0fcfa21912c5"},"headline":"Szanyi Irma Region\u00e1lis Zongoraversenyen &#8211; Sz\u00e9kesfeh\u00e9rv\u00e1r","datePublished":"2025-05-12T06:22:33+00:00","mainEntityOfPage":{"@id":"https:\/\/3belazirc.hu\/wp\/szanyi-irma-regionalis-zongoraversenyen-szekesfehervar\/"},"wordCount":164,"image":{"@id":"https:\/\/3belazirc.hu\/wp\/szanyi-irma-regionalis-zongoraversenyen-szekesfehervar\/#primaryimage"},"thumbnailUrl":"https:\/\/3belazirc.hu\/wp\/wp-content\/uploads\/2025\/05\/491808885_1422711918716402_353016640463851967_n.jpg","articleSection":["Bejegyz\u00e9s","Besz\u00e1mol\u00f3"],"inLanguage":"hu"},{"@type":"WebPage","@id":"https:\/\/3belazirc.hu\/wp\/szanyi-irma-regionalis-zongoraversenyen-szekesfehervar\/","url":"https:\/\/3belazirc.hu\/wp\/szanyi-irma-regionalis-zongoraversenyen-szekesfehervar\/","name":"Szanyi Irma Region\u00e1lis Zongoraversenyen - Sz\u00e9kesfeh\u00e9rv\u00e1r - III. B\u00e9la Gimn\u00e1zium, M\u0171v\u00e9szeti Szakgimn\u00e1zium \u00e9s Alapfok\u00fa M\u0171v\u00e9szeti Iskola","isPartOf":{"@id":"https:\/\/3belazirc.hu\/wp\/#website"},"primaryImageOfPage":{"@id":"https:\/\/3belazirc.hu\/wp\/szanyi-irma-regionalis-zongoraversenyen-szekesfehervar\/#primaryimage"},"image":{"@id":"https:\/\/3belazirc.hu\/wp\/szanyi-irma-regionalis-zongoraversenyen-szekesfehervar\/#primaryimage"},"thumbnailUrl":"https:\/\/3belazirc.hu\/wp\/wp-content\/uploads\/2025\/05\/491808885_1422711918716402_353016640463851967_n.jpg","datePublished":"2025-05-12T06:22:33+00:00","author":{"@id":"https:\/\/3belazirc.hu\/wp\/#\/schema\/person\/6f0c73969d88f5abb80e0fcfa21912c5"},"breadcrumb":{"@id":"https:\/\/3belazirc.hu\/wp\/szanyi-irma-regionalis-zongoraversenyen-szekesfehervar\/#breadcrumb"},"inLanguage":"hu","potentialAction":[{"@type":"ReadAction","target":["https:\/\/3belazirc.hu\/wp\/szanyi-irma-regionalis-zongoraversenyen-szekesfehervar\/"]}]},{"@type":"ImageObject","inLanguage":"hu","@id":"https:\/\/3belazirc.hu\/wp\/szanyi-irma-regionalis-zongoraversenyen-szekesfehervar\/#primaryimage","url":"https:\/\/3belazirc.hu\/wp\/wp-content\/uploads\/2025\/05\/491808885_1422711918716402_353016640463851967_n.jpg","contentUrl":"https:\/\/3belazirc.hu\/wp\/wp-content\/uploads\/2025\/05\/491808885_1422711918716402_353016640463851967_n.jpg","width":2048,"height":1536},{"@type":"BreadcrumbList","@id":"https:\/\/3belazirc.hu\/wp\/szanyi-irma-regionalis-zongoraversenyen-szekesfehervar\/#breadcrumb","itemListElement":[{"@type":"ListItem","position":1,"name":"Home","item":"https:\/\/3belazirc.hu\/wp\/"},{"@type":"ListItem","position":2,"name":"Szanyi Irma Region\u00e1lis Zongoraversenyen &#8211; Sz\u00e9kesfeh\u00e9rv\u00e1r"}]},{"@type":"WebSite","@id":"https:\/\/3belazirc.hu\/wp\/#website","url":"https:\/\/3belazirc.hu\/wp\/","name":"III. B\u00e9la Gimn\u00e1zium, M\u0171v\u00e9szeti Szakgimn\u00e1zium \u00e9s AMI","description":"8420, Zirc K\u00f6zt\u00e1rsas\u00e1g utca 9. | tel: 88\/414-449 | mobil: 06-30-811-3176 | email: 3bela@bela-zirc.edu.hu | www.facebook.com\/iiibelazirc www.facebook.com\/zircizeneiskola","potentialAction":[{"@type":"SearchAction","target":{"@type":"EntryPoint","urlTemplate":"https:\/\/3belazirc.hu\/wp\/?s={search_term_string}"},"query-input":{"@type":"PropertyValueSpecification","valueRequired":true,"valueName":"search_term_string"}}],"inLanguage":"hu"},{"@type":"Person","@id":"https:\/\/3belazirc.hu\/wp\/#\/schema\/person\/6f0c73969d88f5abb80e0fcfa21912c5","name":"Radics P\u00e9ter","image":{"@type":"ImageObject","inLanguage":"hu","@id":"https:\/\/secure.gravatar.com\/avatar\/7546a48bbb6268c82e7e07e29f09f5253c4dd44d4a78ad4dac31ec9ff18e81df?s=96&d=mm&r=g","url":"https:\/\/secure.gravatar.com\/avatar\/7546a48bbb6268c82e7e07e29f09f5253c4dd44d4a78ad4dac31ec9ff18e81df?s=96&d=mm&r=g","contentUrl":"https:\/\/secure.gravatar.com\/avatar\/7546a48bbb6268c82e7e07e29f09f5253c4dd44d4a78ad4dac31ec9ff18e81df?s=96&d=mm&r=g","caption":"Radics P\u00e9ter"},"sameAs":["http:\/\/silentlamb.hu","https:\/\/www.facebook.com\/SilentlambDesign\/","https:\/\/www.instagram.com\/d4rksh33p\/?hl=hu","https:\/\/x.com\/d4rksh33p"]}]}},"publishpress_future_action":{"enabled":false,"date":"2026-05-09 12:16:19","action":"change-status","newStatus":"draft","terms":[],"taxonomy":"category","extraData":[]},"publishpress_future_workflow_manual_trigger":{"enabledWorkflows":[]},"_links":{"self":[{"href":"https:\/\/3belazirc.hu\/wp\/wp-json\/wp\/v2\/posts\/11884","targetHints":{"allow":["GET"]}}],"collection":[{"href":"https:\/\/3belazirc.hu\/wp\/wp-json\/wp\/v2\/posts"}],"about":[{"href":"https:\/\/3belazirc.hu\/wp\/wp-json\/wp\/v2\/types\/post"}],"author":[{"embeddable":true,"href":"https:\/\/3belazirc.hu\/wp\/wp-json\/wp\/v2\/users\/1"}],"replies":[{"embeddable":true,"href":"https:\/\/3belazirc.hu\/wp\/wp-json\/wp\/v2\/comments?post=11884"}],"version-history":[{"count":2,"href":"https:\/\/3belazirc.hu\/wp\/wp-json\/wp\/v2\/posts\/11884\/revisions"}],"predecessor-version":[{"id":11890,"href":"https:\/\/3belazirc.hu\/wp\/wp-json\/wp\/v2\/posts\/11884\/revisions\/11890"}],"wp:featuredmedia":[{"embeddable":true,"href":"https:\/\/3belazirc.hu\/wp\/wp-json\/wp\/v2\/media\/11888"}],"wp:attachment":[{"href":"https:\/\/3belazirc.hu\/wp\/wp-json\/wp\/v2\/media?parent=11884"}],"wp:term":[{"taxonomy":"category","embeddable":true,"href":"https:\/\/3belazirc.hu\/wp\/wp-json\/wp\/v2\/categories?post=11884"},{"taxonomy":"post_tag","embeddable":true,"href":"https:\/\/3belazirc.hu\/wp\/wp-json\/wp\/v2\/tags?post=11884"}],"curies":[{"name":"wp","href":"https:\/\/api.w.org\/{rel}","templated":true}]}}