{"id":11891,"date":"2025-05-12T08:42:41","date_gmt":"2025-05-12T06:42:41","guid":{"rendered":"https:\/\/3belazirc.hu\/wp\/?p=11891"},"modified":"2025-05-12T08:42:41","modified_gmt":"2025-05-12T06:42:41","slug":"minoseg-minden-lepesben","status":"publish","type":"post","link":"https:\/\/3belazirc.hu\/wp\/minoseg-minden-lepesben\/","title":{"rendered":"\u201eMin\u0151s\u00e9g minden l\u00e9p\u00e9sben\u201d"},"content":{"rendered":"<p>Hogyan maradjunk hiteles \u00e9s kiegyens\u00falyozott v\u00e1llalkoz\u00f3k?<\/p>\n<p>FLO \u2013 inspir\u00e1l\u00f3 \u00e9letutak c\u00edmmel indult 2024 \u00e1prilis\u00e1ban, B\u00e9la-napon egy olyan<br \/>\nbesz\u00e9lget\u0151s sorozat, amelyben egykori di\u00e1kok t\u00e9rnek vissza iskol\u00e1jukba, hogy<br \/>\nmes\u00e9ljenek gazdag \u00e9lettapasztalataikr\u00f3l, hivat\u00e1sukr\u00f3l \u00e9s persze b\u00e9l\u00e1s \u00e9veikr\u0151l.<br \/>\nIdei vend\u00e9g\u00fcnk, Kocsis Csaba \u201eDennis\u201d volt, aki besz\u00e9lt tervez\u0151grafikusi \u00e9s<br \/>\nv\u00e1llalkoz\u00f3i munk\u00e1j\u00e1r\u00f3l, illetve er\u0151forr\u00e1sair\u00f3l osztott meg gondolat\u00e9breszt\u0151,<br \/>\nmeger\u0151s\u00edt\u0151 t\u00f6rt\u00e9neteket. A besz\u00e9lget\u00e9st K\u00fasz Kata tan\u00e1rn\u0151 vezette, a<br \/>\nbesz\u00e1mol\u00f3t N\u00e9meth Nikolett (12.A) k\u00e9sz\u00edtette.<\/p>\n<p>Dennis 17 \u00e9ve v\u00e9gzett exb\u00e9l\u00e1s, grafikusk\u00e9nt tanult. Az\u00f3ta saj\u00e1t sikeres v\u00e1llalkoz\u00e1s\u00e1t<br \/>\nmenedzseli, az Avadoo Design Studio tulajdonosa Sopronban, 35 \u00e9ves, 4 \u00e9ve apa, f\u00e9rj,<br \/>\nalkalomadt\u00e1n DJ. Vas megy\u00e9ben, B\u00fckkf\u00fcrd\u0151n n\u0151tt fel, k\u00f6z\u00e9piskolai \u00e9s koll\u00e9giumi \u00e9veit Zircen<br \/>\nt\u00f6lt\u00f6tte, itt kapta becenev\u00e9t is: \u201eItt a Dennis\u201d, a Reszkessetek bet\u00f6r\u0151k beleval\u00f3 sz\u0151ke fi\u00faja. Hogy mennyire szolg\u00e1lt r\u00e1 felvett nev\u00e9re, ez j\u00f3 k\u00e9rd\u00e9s, tal\u00e1n \u00e9let\u00fatja igazolja r\u00e1termetts\u00e9g\u00e9t.<br \/>\nSzerinte a k\u00f6z\u00e9piskola egy \u201ej\u00e1tsz\u00f3h\u00e1z\u201d, \u00e9s hogy ut\u00e1na teljesen megv\u00e1ltozik az \u00e9let.<br \/>\nMeghat\u00e1roz\u00f3 5 \u00e9v az iskol\u00e1ban t\u00f6lt\u00f6tt id\u0151: \u201eEz egy gyerekj\u00e1t\u00e9k, amiben a legt\u00f6bbet kell<br \/>\nmegtanulnunk ahhoz, hogy abb\u00f3l tudjunk \u00e9p\u00edteni.\u201d Gyakorlatilag itt alapozzuk meg a j\u00f6v\u0151nket igaz\u00e1n, sok olyan szakmai fog\u00e1st megismerhet\u00fcnk, ami a k\u00e9s\u0151bbiek sor\u00e1n fog letisztulni, hogy mire is lesz j\u00f3 a munka vil\u00e1g\u00e1ban.<\/p>\n<p>Els\u0151sorban v\u00e1llalkoz\u00f3k\u00e9nt, grafikusk\u00e9nt tekint mag\u00e1ra, de tal\u00e1n enn\u00e9l is fontosabb, hogy<br \/>\nemberinek kell maradnunk, hogy ne sz\u00e1lljunk el a sikert\u0151l, vagy el\u00e9gedj\u00fcnk meg az aktu\u00e1lis<br \/>\neredm\u00e9nyekkel. 12 \u00e9ve van grafikai st\u00fadi\u00f3ja, nyomd\u00e1ja. T\u00f6bbek k\u00f6z\u00f6tt log\u00f3- \u00e9s<br \/>\narculattervez\u00e9st, aj\u00e1nd\u00e9kt\u00e1rgyakat, csomagol\u00e1st, textilnyom\u00e1st, dekor\u00e1l\u00e1st, kiadv\u00e1nytervez\u00e9st, digit\u00e1lis nyomtat\u00e1st, mobilprezent\u00e1l\u00e1st k\u00e9sz\u00edtenek a min\u0151s\u00e9g jegy\u00e9ben. Ezt l\u00e1thattuk is r\u00f6vid prezent\u00e1ci\u00f3j\u00e1ban a besz\u00e9lget\u00e9s v\u00e9g\u00e9n. A pontos \u00e9s prec\u00edz kivitelez\u00e9s a c\u00e9g \u00fczleti k\u00fcldet\u00e9se, ezt k\u00e9pviseli vezet\u0151k\u00e9nt elv\u00e1r\u00e1sban csapata fel\u00e9.<\/p>\n<p>Igyekszik hum\u00e1nus ir\u00e1ny\u00edt\u00f3k\u00e9nt dolgozni, amihez kell a j\u00f3 k\u00f6z\u00f6ss\u00e9g, \u00e9s ez\u00e9rt nap mint nap<br \/>\ntenni kell k\u00f6vetkezetesen. \u00dagy gondolja, hogy a csapata n\u00e9lk\u00fcl nem tartan\u00e1nak ott, ahol<br \/>\ntartanak: \u201eHa gyorsan akarsz eljutni valahova, akkor egyed\u00fcl, de ha hossz\u00fa t\u00e1vra, akkor<br \/>\ncsapattal.\u201d A pozit\u00edv kisz\u00e1m\u00edthat\u00f3 l\u00e9gk\u00f6r, ahol elismerik a munk\u00e1ba fektetett energi\u00e1t \u00e9s<br \/>\ntehets\u00e9get, hozza meg a fejl\u0151d\u00e9st \u00e9s a megbecs\u00fcl\u00e9st. Fontos, hogy a nap v\u00e9g\u00e9re j\u00f3 \u00e9rz\u00e9ssel f\u00e1radjunk el, ne legyen hi\u00e1ny\u00e9rzet\u00fcnk, vagy keser\u0171s\u00e9g benn\u00fcnk, hogy valamit nem el\u00e9g j\u00f3l<br \/>\ncsin\u00e1lunk. A hib\u00e1kb\u00f3l tanulni kell, jav\u00edtani, ha lehet, de mindenk\u00e9pp el kell ismerni, mert \u00edgy<br \/>\n\u00e9rhet\u00fcnk el eredm\u00e9nyt, ha korrektek vagyunk.<\/p>\n<p>\u00c9rdekess\u00e9g az Avadoo n\u00e9vv\u00e1laszt\u00e1s m\u00f6g\u00f6tt, hogy sz\u00f3 szerinti jelent\u00e9se nem sok, nincs<br \/>\njelent\u0151s\u00e9ge, a bet\u0171k j\u00f3 kombin\u00e1ci\u00f3i ink\u00e1bb, 2017-ben egy rak\u00e9ta szimb\u00f3lumot csin\u00e1ltak az \u201eA\u201d bet\u0171b\u0151l, majd id\u00e9n 2025-ben 7 \u00e9v ut\u00e1n meg\u00faj\u00edtott\u00e1k. A tipogr\u00e1fia amennyire egyszer\u0171, annyira sok dolgot lehet vele kezdeni, egy kreat\u00edv j\u00e1t\u00e9k.<\/p>\n<p>A grafikusi szeml\u00e9l\u0151d\u00e9st a mindennapi \u00e9letben sem lehet kikapcsolni, utaz\u00e1sok sor\u00e1n is figyeli a kivitelez\u00e9st, az anyagokat, form\u00e1kat, a sz\u00f6veg harm\u00f3ni\u00e1j\u00e1t, \u00e9rdekli, hogy mi mib\u0151l van, milyen min\u0151s\u00e9gben k\u00e9sz\u00fclt, tudna-e jobbat, vagy mennyire \u00f6tletes az elk\u00e9sz\u00fclt rekl\u00e1manyag p\u00e9ld\u00e1ul, a munk\u00e1ja a hivat\u00e1sa, s\u0151t \u00e9letvitel\u00e9nek r\u00e9sze is lett.<\/p>\n<p>A folyamatos tanul\u00e1st, meg\u00fajul\u00e1st tartja szem el\u0151tt. K\u00f6vetni kell a piacot \u00e9s a technol\u00f3giai<br \/>\n\u00faj\u00edt\u00e1sokat, hogy mit tudn\u00e1nak bevezetni. Nagy kedvence a klasszikus sokszoros\u00edt\u00e1sban a<br \/>\nszit\u00e1z\u00e1s, de m\u00e1r nincs r\u00e1 ig\u00e9ny, kiv\u00e1ltj\u00e1k a digit\u00e1lis embl\u00e9m\u00e1k, ezzel felszabad\u00edtva id\u0151t \u00e9s<br \/>\nenergi\u00e1t, ami teret ad az \u00f6nfejleszt\u00e9snek. El kell fogadni a gyors v\u00e1ltoz\u00e1st k\u00f6r\u00fcl\u00f6tt\u00fcnk, fel kell<br \/>\nvenni a temp\u00f3t, ha nem akarunk lemaradni. \u00dczleti siker\u00fck titka honlapjukon is olvashat\u00f3: \u201eEgy valamiben nem k\u00f6t\u00fcnk kompromisszumot: a min\u0151s\u00e9gi szolg\u00e1ltat\u00e1sban.\u201d Az a j\u00f3, ha 100-120%- os vagyunk abban a produktumban, amit kiadunk a kezedb\u0151l, ne legyenek k\u00e9ts\u00e9gek, \u00e9s az \u00fcgyf\u00e9l profit\u00e1ljon, legyen 100%-os az el\u00e9gedetts\u00e9g. Persze emberek vagyunk, hib\u00e1zhatunk.<br \/>\nFoglalkozni kell az \u00fcgyf\u00e9l panasz\u00e1val. Legfontosabb el\u00e9rni, hogy visszaj\u00f6jj\u00f6n az \u00fcgyf\u00e9l. Az<br \/>\nonline, illetve az offline kapcsolattart\u00e1st se becs\u00fclj\u00fck al\u00e1, elengedhetetlen a kapcsolati t\u0151ke<br \/>\nki\u00e9p\u00edt\u00e9se \u00e9s fenntart\u00e1sa.<\/p>\n<p>A piaci fennmarad\u00e1sban els\u0151dleges, hogy k\u00f6z\u00f6ss\u00e9get \u00e9p\u00edts\u00fcnk (korrekts\u00e9g, lojalit\u00e1s ment\u00e9n),<br \/>\nteh\u00e1t seg\u00edt\u00fcnk a m\u00e1siknak, \u00e9s \u0151 is seg\u00edteni fog. A j\u00f3 kapcsolatok tudj\u00e1k fenntartani a<br \/>\nc\u00e9get\/v\u00e1llalkoz\u00e1st. Dennis hangs\u00falyozta, hogy nem mindig felfel\u00e9 \u00edvel\u0151 \u00e9s egy\u00e9rtelm\u0171 a siker,<br \/>\naz\u00e9rt folyamatosan tenni kell, rendet kell tartani, kereteket, szab\u00e1lyokat sz\u00fcks\u00e9ges l\u00e9trehozni,<br \/>\nhogy mindenki hat\u00e9kony, \u00e9s el\u00e9gedett legyen a munk\u00e1j\u00e1ban. 10-15 \u00e9v t\u00e1vlat\u00e1ban is l\u00e1tja maga<br \/>\nel\u0151tt ezt az utat folytatva, persze stabilabb anyagi biztons\u00e1ggal, t\u00f6bb szabadid\u0151vel a csal\u00e1ddal.<br \/>\nDennis gazdag \u00e9lettapasztalata sokakat inspir\u00e1lt \u00e9s motiv\u00e1lt, j\u00f3 volt hallgatni.<\/p>\n<div id='gallery-1' class='gallery galleryid-11891 gallery-columns-3 gallery-size-medium'><figure class='gallery-item'>\n\t\t\t<div class='gallery-icon landscape'>\n\t\t\t\t<a href='https:\/\/3belazirc.hu\/wp\/wp-content\/uploads\/2025\/05\/20250415_124207.jpg' title=\"20250415_124207\" data-rl_title=\"20250415_124207\" class=\"rl-gallery-link\" data-rl_caption=\"\" data-rel=\"lightbox-gallery-1\"><img decoding=\"async\" width=\"300\" height=\"225\" src=\"https:\/\/3belazirc.hu\/wp\/wp-content\/uploads\/2025\/05\/20250415_124207-300x225.jpg\" class=\"attachment-medium size-medium\" alt=\"\" srcset=\"https:\/\/3belazirc.hu\/wp\/wp-content\/uploads\/2025\/05\/20250415_124207-300x225.jpg 300w, https:\/\/3belazirc.hu\/wp\/wp-content\/uploads\/2025\/05\/20250415_124207-700x525.jpg 700w, https:\/\/3belazirc.hu\/wp\/wp-content\/uploads\/2025\/05\/20250415_124207-768x576.jpg 768w, https:\/\/3belazirc.hu\/wp\/wp-content\/uploads\/2025\/05\/20250415_124207-16x12.jpg 16w, https:\/\/3belazirc.hu\/wp\/wp-content\/uploads\/2025\/05\/20250415_124207-640x480.jpg 640w, https:\/\/3belazirc.hu\/wp\/wp-content\/uploads\/2025\/05\/20250415_124207-800x600.jpg 800w, https:\/\/3belazirc.hu\/wp\/wp-content\/uploads\/2025\/05\/20250415_124207-80x60.jpg 80w, https:\/\/3belazirc.hu\/wp\/wp-content\/uploads\/2025\/05\/20250415_124207.jpg 1000w\" sizes=\"(max-width: 300px) 100vw, 300px\" \/><\/a>\n\t\t\t<\/div><\/figure><figure class='gallery-item'>\n\t\t\t<div class='gallery-icon landscape'>\n\t\t\t\t<a href='https:\/\/3belazirc.hu\/wp\/wp-content\/uploads\/2025\/05\/20250415_121628.jpg' title=\"20250415_121628\" data-rl_title=\"20250415_121628\" class=\"rl-gallery-link\" data-rl_caption=\"\" data-rel=\"lightbox-gallery-1\"><img decoding=\"async\" width=\"300\" height=\"225\" src=\"https:\/\/3belazirc.hu\/wp\/wp-content\/uploads\/2025\/05\/20250415_121628-300x225.jpg\" class=\"attachment-medium size-medium\" alt=\"\" srcset=\"https:\/\/3belazirc.hu\/wp\/wp-content\/uploads\/2025\/05\/20250415_121628-300x225.jpg 300w, https:\/\/3belazirc.hu\/wp\/wp-content\/uploads\/2025\/05\/20250415_121628-700x525.jpg 700w, https:\/\/3belazirc.hu\/wp\/wp-content\/uploads\/2025\/05\/20250415_121628-768x576.jpg 768w, https:\/\/3belazirc.hu\/wp\/wp-content\/uploads\/2025\/05\/20250415_121628-16x12.jpg 16w, https:\/\/3belazirc.hu\/wp\/wp-content\/uploads\/2025\/05\/20250415_121628-640x480.jpg 640w, https:\/\/3belazirc.hu\/wp\/wp-content\/uploads\/2025\/05\/20250415_121628-800x600.jpg 800w, https:\/\/3belazirc.hu\/wp\/wp-content\/uploads\/2025\/05\/20250415_121628-80x60.jpg 80w, https:\/\/3belazirc.hu\/wp\/wp-content\/uploads\/2025\/05\/20250415_121628.jpg 1000w\" sizes=\"(max-width: 300px) 100vw, 300px\" \/><\/a>\n\t\t\t<\/div><\/figure><figure class='gallery-item'>\n\t\t\t<div class='gallery-icon landscape'>\n\t\t\t\t<a href='https:\/\/3belazirc.hu\/wp\/wp-content\/uploads\/2025\/05\/IMG_5734.jpeg' title=\"IMG_5734\" data-rl_title=\"IMG_5734\" class=\"rl-gallery-link\" data-rl_caption=\"\" data-rel=\"lightbox-gallery-1\"><img decoding=\"async\" width=\"300\" height=\"225\" src=\"https:\/\/3belazirc.hu\/wp\/wp-content\/uploads\/2025\/05\/IMG_5734-300x225.jpeg\" class=\"attachment-medium size-medium\" alt=\"\" srcset=\"https:\/\/3belazirc.hu\/wp\/wp-content\/uploads\/2025\/05\/IMG_5734-300x225.jpeg 300w, https:\/\/3belazirc.hu\/wp\/wp-content\/uploads\/2025\/05\/IMG_5734-700x525.jpeg 700w, https:\/\/3belazirc.hu\/wp\/wp-content\/uploads\/2025\/05\/IMG_5734-768x576.jpeg 768w, https:\/\/3belazirc.hu\/wp\/wp-content\/uploads\/2025\/05\/IMG_5734-16x12.jpeg 16w, https:\/\/3belazirc.hu\/wp\/wp-content\/uploads\/2025\/05\/IMG_5734-640x480.jpeg 640w, https:\/\/3belazirc.hu\/wp\/wp-content\/uploads\/2025\/05\/IMG_5734-800x600.jpeg 800w, https:\/\/3belazirc.hu\/wp\/wp-content\/uploads\/2025\/05\/IMG_5734-80x60.jpeg 80w, https:\/\/3belazirc.hu\/wp\/wp-content\/uploads\/2025\/05\/IMG_5734.jpeg 1000w\" sizes=\"(max-width: 300px) 100vw, 300px\" \/><\/a>\n\t\t\t<\/div><\/figure><figure class='gallery-item'>\n\t\t\t<div class='gallery-icon landscape'>\n\t\t\t\t<a href='https:\/\/3belazirc.hu\/wp\/wp-content\/uploads\/2025\/05\/IMG_3850.jpeg' title=\"IMG_3850\" data-rl_title=\"IMG_3850\" class=\"rl-gallery-link\" data-rl_caption=\"\" data-rel=\"lightbox-gallery-1\"><img decoding=\"async\" width=\"300\" height=\"225\" src=\"https:\/\/3belazirc.hu\/wp\/wp-content\/uploads\/2025\/05\/IMG_3850-300x225.jpeg\" class=\"attachment-medium size-medium\" alt=\"\" srcset=\"https:\/\/3belazirc.hu\/wp\/wp-content\/uploads\/2025\/05\/IMG_3850-300x225.jpeg 300w, https:\/\/3belazirc.hu\/wp\/wp-content\/uploads\/2025\/05\/IMG_3850-700x525.jpeg 700w, https:\/\/3belazirc.hu\/wp\/wp-content\/uploads\/2025\/05\/IMG_3850-768x576.jpeg 768w, https:\/\/3belazirc.hu\/wp\/wp-content\/uploads\/2025\/05\/IMG_3850-16x12.jpeg 16w, https:\/\/3belazirc.hu\/wp\/wp-content\/uploads\/2025\/05\/IMG_3850-640x480.jpeg 640w, https:\/\/3belazirc.hu\/wp\/wp-content\/uploads\/2025\/05\/IMG_3850-800x600.jpeg 800w, https:\/\/3belazirc.hu\/wp\/wp-content\/uploads\/2025\/05\/IMG_3850-80x60.jpeg 80w, https:\/\/3belazirc.hu\/wp\/wp-content\/uploads\/2025\/05\/IMG_3850.jpeg 1000w\" sizes=\"(max-width: 300px) 100vw, 300px\" \/><\/a>\n\t\t\t<\/div><\/figure><figure class='gallery-item'>\n\t\t\t<div class='gallery-icon landscape'>\n\t\t\t\t<a href='https:\/\/3belazirc.hu\/wp\/wp-content\/uploads\/2025\/05\/20250415_121640.jpg' title=\"20250415_121640\" data-rl_title=\"20250415_121640\" class=\"rl-gallery-link\" data-rl_caption=\"\" data-rel=\"lightbox-gallery-1\"><img decoding=\"async\" width=\"300\" height=\"225\" src=\"https:\/\/3belazirc.hu\/wp\/wp-content\/uploads\/2025\/05\/20250415_121640-300x225.jpg\" class=\"attachment-medium size-medium\" alt=\"\" srcset=\"https:\/\/3belazirc.hu\/wp\/wp-content\/uploads\/2025\/05\/20250415_121640-300x225.jpg 300w, https:\/\/3belazirc.hu\/wp\/wp-content\/uploads\/2025\/05\/20250415_121640-700x525.jpg 700w, https:\/\/3belazirc.hu\/wp\/wp-content\/uploads\/2025\/05\/20250415_121640-768x576.jpg 768w, https:\/\/3belazirc.hu\/wp\/wp-content\/uploads\/2025\/05\/20250415_121640-16x12.jpg 16w, https:\/\/3belazirc.hu\/wp\/wp-content\/uploads\/2025\/05\/20250415_121640-640x480.jpg 640w, https:\/\/3belazirc.hu\/wp\/wp-content\/uploads\/2025\/05\/20250415_121640-800x600.jpg 800w, https:\/\/3belazirc.hu\/wp\/wp-content\/uploads\/2025\/05\/20250415_121640-80x60.jpg 80w, https:\/\/3belazirc.hu\/wp\/wp-content\/uploads\/2025\/05\/20250415_121640.jpg 1000w\" sizes=\"(max-width: 300px) 100vw, 300px\" \/><\/a>\n\t\t\t<\/div><\/figure><figure class='gallery-item'>\n\t\t\t<div class='gallery-icon landscape'>\n\t\t\t\t<a href='https:\/\/3belazirc.hu\/wp\/wp-content\/uploads\/2025\/05\/20250415_124147.jpg' title=\"20250415_124147\" data-rl_title=\"20250415_124147\" class=\"rl-gallery-link\" data-rl_caption=\"\" data-rel=\"lightbox-gallery-1\"><img decoding=\"async\" width=\"300\" height=\"225\" src=\"https:\/\/3belazirc.hu\/wp\/wp-content\/uploads\/2025\/05\/20250415_124147-300x225.jpg\" class=\"attachment-medium size-medium\" alt=\"\" srcset=\"https:\/\/3belazirc.hu\/wp\/wp-content\/uploads\/2025\/05\/20250415_124147-300x225.jpg 300w, https:\/\/3belazirc.hu\/wp\/wp-content\/uploads\/2025\/05\/20250415_124147-700x525.jpg 700w, https:\/\/3belazirc.hu\/wp\/wp-content\/uploads\/2025\/05\/20250415_124147-768x576.jpg 768w, https:\/\/3belazirc.hu\/wp\/wp-content\/uploads\/2025\/05\/20250415_124147-16x12.jpg 16w, https:\/\/3belazirc.hu\/wp\/wp-content\/uploads\/2025\/05\/20250415_124147-640x480.jpg 640w, https:\/\/3belazirc.hu\/wp\/wp-content\/uploads\/2025\/05\/20250415_124147-800x600.jpg 800w, https:\/\/3belazirc.hu\/wp\/wp-content\/uploads\/2025\/05\/20250415_124147-80x60.jpg 80w, https:\/\/3belazirc.hu\/wp\/wp-content\/uploads\/2025\/05\/20250415_124147.jpg 1000w\" sizes=\"(max-width: 300px) 100vw, 300px\" \/><\/a>\n\t\t\t<\/div><\/figure>\n\t\t<\/div>\n\n","protected":false},"excerpt":{"rendered":"<p>Hogyan maradjunk hiteles \u00e9s kiegyens\u00falyozott v\u00e1llalkoz\u00f3k? FLO \u2013 inspir\u00e1l\u00f3 \u00e9letutak c\u00edmmel indult 2024 \u00e1prilis\u00e1ban, B\u00e9la-napon egy olyan besz\u00e9lget\u0151s sorozat, amelyben egykori di\u00e1kok t\u00e9rnek vissza iskol\u00e1jukba, hogy mes\u00e9ljenek gazdag \u00e9lettapasztalataikr\u00f3l, hivat\u00e1sukr\u00f3l \u00e9s persze b\u00e9l\u00e1s \u00e9veikr\u0151l. Idei vend\u00e9g\u00fcnk, Kocsis Csaba \u201eDennis\u201d volt, aki besz\u00e9lt tervez\u0151grafikusi \u00e9s v\u00e1llalkoz\u00f3i munk\u00e1j\u00e1r\u00f3l, illetve er\u0151forr\u00e1sair\u00f3l osztott meg gondolat\u00e9breszt\u0151, meger\u0151s\u00edt\u0151 t\u00f6rt\u00e9neteket. A besz\u00e9lget\u00e9st&#8230;<\/p>\n","protected":false},"author":1,"featured_media":11898,"comment_status":"closed","ping_status":"open","sticky":false,"template":"","format":"standard","meta":{"_crdt_document":"","footnotes":""},"categories":[16,169],"tags":[],"class_list":["post-11891","post","type-post","status-publish","format-standard","has-post-thumbnail","hentry","category-szoveg","category-beszamolo"],"yoast_head":"<!-- This site is optimized with the Yoast SEO plugin v27.4 - https:\/\/yoast.com\/product\/yoast-seo-wordpress\/ -->\n<title>\u201eMin\u0151s\u00e9g minden l\u00e9p\u00e9sben\u201d - III. B\u00e9la Gimn\u00e1zium, M\u0171v\u00e9szeti Szakgimn\u00e1zium \u00e9s Alapfok\u00fa M\u0171v\u00e9szeti Iskola<\/title>\n<meta name=\"robots\" content=\"index, follow, max-snippet:-1, max-image-preview:large, max-video-preview:-1\" \/>\n<link rel=\"canonical\" href=\"https:\/\/3belazirc.hu\/wp\/minoseg-minden-lepesben\/\" \/>\n<meta property=\"og:locale\" content=\"hu_HU\" \/>\n<meta property=\"og:type\" content=\"article\" \/>\n<meta property=\"og:title\" content=\"\u201eMin\u0151s\u00e9g minden l\u00e9p\u00e9sben\u201d - III. B\u00e9la Gimn\u00e1zium, M\u0171v\u00e9szeti Szakgimn\u00e1zium \u00e9s Alapfok\u00fa M\u0171v\u00e9szeti Iskola\" \/>\n<meta property=\"og:description\" content=\"Hogyan maradjunk hiteles \u00e9s kiegyens\u00falyozott v\u00e1llalkoz\u00f3k? FLO \u2013 inspir\u00e1l\u00f3 \u00e9letutak c\u00edmmel indult 2024 \u00e1prilis\u00e1ban, B\u00e9la-napon egy olyan besz\u00e9lget\u0151s sorozat, amelyben egykori di\u00e1kok t\u00e9rnek vissza iskol\u00e1jukba, hogy mes\u00e9ljenek gazdag \u00e9lettapasztalataikr\u00f3l, hivat\u00e1sukr\u00f3l \u00e9s persze b\u00e9l\u00e1s \u00e9veikr\u0151l. Idei vend\u00e9g\u00fcnk, Kocsis Csaba \u201eDennis\u201d volt, aki besz\u00e9lt tervez\u0151grafikusi \u00e9s v\u00e1llalkoz\u00f3i munk\u00e1j\u00e1r\u00f3l, illetve er\u0151forr\u00e1sair\u00f3l osztott meg gondolat\u00e9breszt\u0151, meger\u0151s\u00edt\u0151 t\u00f6rt\u00e9neteket. A besz\u00e9lget\u00e9st...\" \/>\n<meta property=\"og:url\" content=\"https:\/\/3belazirc.hu\/wp\/minoseg-minden-lepesben\/\" \/>\n<meta property=\"og:site_name\" content=\"III. B\u00e9la Gimn\u00e1zium, M\u0171v\u00e9szeti Szakgimn\u00e1zium \u00e9s Alapfok\u00fa M\u0171v\u00e9szeti Iskola\" \/>\n<meta property=\"article:publisher\" content=\"https:\/\/www.facebook.com\/3belazirc\/\" \/>\n<meta property=\"article:author\" content=\"https:\/\/www.facebook.com\/SilentlambDesign\/\" \/>\n<meta property=\"article:published_time\" content=\"2025-05-12T06:42:41+00:00\" \/>\n<meta property=\"og:image\" content=\"https:\/\/3belazirc.hu\/wp\/wp-content\/uploads\/2025\/05\/KocsisCsaba_resized.jpg\" \/>\n\t<meta property=\"og:image:width\" content=\"842\" \/>\n\t<meta property=\"og:image:height\" content=\"1191\" \/>\n\t<meta property=\"og:image:type\" content=\"image\/jpeg\" \/>\n<meta name=\"author\" content=\"Radics P\u00e9ter\" \/>\n<meta name=\"twitter:card\" content=\"summary_large_image\" \/>\n<meta name=\"twitter:creator\" content=\"@d4rksh33p\" \/>\n<meta name=\"twitter:label1\" content=\"Szerz\u0151:\" \/>\n\t<meta name=\"twitter:data1\" content=\"Radics P\u00e9ter\" \/>\n\t<meta name=\"twitter:label2\" content=\"Becs\u00fclt olvas\u00e1si id\u0151\" \/>\n\t<meta name=\"twitter:data2\" content=\"4 perc\" \/>\n<script type=\"application\/ld+json\" class=\"yoast-schema-graph\">{\"@context\":\"https:\\\/\\\/schema.org\",\"@graph\":[{\"@type\":\"Article\",\"@id\":\"https:\\\/\\\/3belazirc.hu\\\/wp\\\/minoseg-minden-lepesben\\\/#article\",\"isPartOf\":{\"@id\":\"https:\\\/\\\/3belazirc.hu\\\/wp\\\/minoseg-minden-lepesben\\\/\"},\"author\":{\"name\":\"Radics P\u00e9ter\",\"@id\":\"https:\\\/\\\/3belazirc.hu\\\/wp\\\/#\\\/schema\\\/person\\\/6f0c73969d88f5abb80e0fcfa21912c5\"},\"headline\":\"\u201eMin\u0151s\u00e9g minden l\u00e9p\u00e9sben\u201d\",\"datePublished\":\"2025-05-12T06:42:41+00:00\",\"mainEntityOfPage\":{\"@id\":\"https:\\\/\\\/3belazirc.hu\\\/wp\\\/minoseg-minden-lepesben\\\/\"},\"wordCount\":1040,\"image\":{\"@id\":\"https:\\\/\\\/3belazirc.hu\\\/wp\\\/minoseg-minden-lepesben\\\/#primaryimage\"},\"thumbnailUrl\":\"https:\\\/\\\/3belazirc.hu\\\/wp\\\/wp-content\\\/uploads\\\/2025\\\/05\\\/KocsisCsaba_resized.jpg\",\"articleSection\":[\"Bejegyz\u00e9s\",\"Besz\u00e1mol\u00f3\"],\"inLanguage\":\"hu\"},{\"@type\":\"WebPage\",\"@id\":\"https:\\\/\\\/3belazirc.hu\\\/wp\\\/minoseg-minden-lepesben\\\/\",\"url\":\"https:\\\/\\\/3belazirc.hu\\\/wp\\\/minoseg-minden-lepesben\\\/\",\"name\":\"\u201eMin\u0151s\u00e9g minden l\u00e9p\u00e9sben\u201d - III. B\u00e9la Gimn\u00e1zium, M\u0171v\u00e9szeti Szakgimn\u00e1zium \u00e9s Alapfok\u00fa M\u0171v\u00e9szeti Iskola\",\"isPartOf\":{\"@id\":\"https:\\\/\\\/3belazirc.hu\\\/wp\\\/#website\"},\"primaryImageOfPage\":{\"@id\":\"https:\\\/\\\/3belazirc.hu\\\/wp\\\/minoseg-minden-lepesben\\\/#primaryimage\"},\"image\":{\"@id\":\"https:\\\/\\\/3belazirc.hu\\\/wp\\\/minoseg-minden-lepesben\\\/#primaryimage\"},\"thumbnailUrl\":\"https:\\\/\\\/3belazirc.hu\\\/wp\\\/wp-content\\\/uploads\\\/2025\\\/05\\\/KocsisCsaba_resized.jpg\",\"datePublished\":\"2025-05-12T06:42:41+00:00\",\"author\":{\"@id\":\"https:\\\/\\\/3belazirc.hu\\\/wp\\\/#\\\/schema\\\/person\\\/6f0c73969d88f5abb80e0fcfa21912c5\"},\"breadcrumb\":{\"@id\":\"https:\\\/\\\/3belazirc.hu\\\/wp\\\/minoseg-minden-lepesben\\\/#breadcrumb\"},\"inLanguage\":\"hu\",\"potentialAction\":[{\"@type\":\"ReadAction\",\"target\":[\"https:\\\/\\\/3belazirc.hu\\\/wp\\\/minoseg-minden-lepesben\\\/\"]}]},{\"@type\":\"ImageObject\",\"inLanguage\":\"hu\",\"@id\":\"https:\\\/\\\/3belazirc.hu\\\/wp\\\/minoseg-minden-lepesben\\\/#primaryimage\",\"url\":\"https:\\\/\\\/3belazirc.hu\\\/wp\\\/wp-content\\\/uploads\\\/2025\\\/05\\\/KocsisCsaba_resized.jpg\",\"contentUrl\":\"https:\\\/\\\/3belazirc.hu\\\/wp\\\/wp-content\\\/uploads\\\/2025\\\/05\\\/KocsisCsaba_resized.jpg\",\"width\":842,\"height\":1191},{\"@type\":\"BreadcrumbList\",\"@id\":\"https:\\\/\\\/3belazirc.hu\\\/wp\\\/minoseg-minden-lepesben\\\/#breadcrumb\",\"itemListElement\":[{\"@type\":\"ListItem\",\"position\":1,\"name\":\"Home\",\"item\":\"https:\\\/\\\/3belazirc.hu\\\/wp\\\/\"},{\"@type\":\"ListItem\",\"position\":2,\"name\":\"\u201eMin\u0151s\u00e9g minden l\u00e9p\u00e9sben\u201d\"}]},{\"@type\":\"WebSite\",\"@id\":\"https:\\\/\\\/3belazirc.hu\\\/wp\\\/#website\",\"url\":\"https:\\\/\\\/3belazirc.hu\\\/wp\\\/\",\"name\":\"III. B\u00e9la Gimn\u00e1zium, M\u0171v\u00e9szeti Szakgimn\u00e1zium \u00e9s AMI\",\"description\":\"8420, Zirc K\u00f6zt\u00e1rsas\u00e1g utca 9. | tel: 88\\\/414-449 | mobil: 06-30-811-3176 | email: 3bela@bela-zirc.edu.hu | www.facebook.com\\\/iiibelazirc www.facebook.com\\\/zircizeneiskola\",\"potentialAction\":[{\"@type\":\"SearchAction\",\"target\":{\"@type\":\"EntryPoint\",\"urlTemplate\":\"https:\\\/\\\/3belazirc.hu\\\/wp\\\/?s={search_term_string}\"},\"query-input\":{\"@type\":\"PropertyValueSpecification\",\"valueRequired\":true,\"valueName\":\"search_term_string\"}}],\"inLanguage\":\"hu\"},{\"@type\":\"Person\",\"@id\":\"https:\\\/\\\/3belazirc.hu\\\/wp\\\/#\\\/schema\\\/person\\\/6f0c73969d88f5abb80e0fcfa21912c5\",\"name\":\"Radics P\u00e9ter\",\"image\":{\"@type\":\"ImageObject\",\"inLanguage\":\"hu\",\"@id\":\"https:\\\/\\\/secure.gravatar.com\\\/avatar\\\/7546a48bbb6268c82e7e07e29f09f5253c4dd44d4a78ad4dac31ec9ff18e81df?s=96&d=mm&r=g\",\"url\":\"https:\\\/\\\/secure.gravatar.com\\\/avatar\\\/7546a48bbb6268c82e7e07e29f09f5253c4dd44d4a78ad4dac31ec9ff18e81df?s=96&d=mm&r=g\",\"contentUrl\":\"https:\\\/\\\/secure.gravatar.com\\\/avatar\\\/7546a48bbb6268c82e7e07e29f09f5253c4dd44d4a78ad4dac31ec9ff18e81df?s=96&d=mm&r=g\",\"caption\":\"Radics P\u00e9ter\"},\"sameAs\":[\"http:\\\/\\\/silentlamb.hu\",\"https:\\\/\\\/www.facebook.com\\\/SilentlambDesign\\\/\",\"https:\\\/\\\/www.instagram.com\\\/d4rksh33p\\\/?hl=hu\",\"https:\\\/\\\/x.com\\\/d4rksh33p\"]}]}<\/script>\n<!-- \/ Yoast SEO plugin. -->","yoast_head_json":{"title":"\u201eMin\u0151s\u00e9g minden l\u00e9p\u00e9sben\u201d - III. B\u00e9la Gimn\u00e1zium, M\u0171v\u00e9szeti Szakgimn\u00e1zium \u00e9s Alapfok\u00fa M\u0171v\u00e9szeti Iskola","robots":{"index":"index","follow":"follow","max-snippet":"max-snippet:-1","max-image-preview":"max-image-preview:large","max-video-preview":"max-video-preview:-1"},"canonical":"https:\/\/3belazirc.hu\/wp\/minoseg-minden-lepesben\/","og_locale":"hu_HU","og_type":"article","og_title":"\u201eMin\u0151s\u00e9g minden l\u00e9p\u00e9sben\u201d - III. B\u00e9la Gimn\u00e1zium, M\u0171v\u00e9szeti Szakgimn\u00e1zium \u00e9s Alapfok\u00fa M\u0171v\u00e9szeti Iskola","og_description":"Hogyan maradjunk hiteles \u00e9s kiegyens\u00falyozott v\u00e1llalkoz\u00f3k? FLO \u2013 inspir\u00e1l\u00f3 \u00e9letutak c\u00edmmel indult 2024 \u00e1prilis\u00e1ban, B\u00e9la-napon egy olyan besz\u00e9lget\u0151s sorozat, amelyben egykori di\u00e1kok t\u00e9rnek vissza iskol\u00e1jukba, hogy mes\u00e9ljenek gazdag \u00e9lettapasztalataikr\u00f3l, hivat\u00e1sukr\u00f3l \u00e9s persze b\u00e9l\u00e1s \u00e9veikr\u0151l. Idei vend\u00e9g\u00fcnk, Kocsis Csaba \u201eDennis\u201d volt, aki besz\u00e9lt tervez\u0151grafikusi \u00e9s v\u00e1llalkoz\u00f3i munk\u00e1j\u00e1r\u00f3l, illetve er\u0151forr\u00e1sair\u00f3l osztott meg gondolat\u00e9breszt\u0151, meger\u0151s\u00edt\u0151 t\u00f6rt\u00e9neteket. A besz\u00e9lget\u00e9st...","og_url":"https:\/\/3belazirc.hu\/wp\/minoseg-minden-lepesben\/","og_site_name":"III. B\u00e9la Gimn\u00e1zium, M\u0171v\u00e9szeti Szakgimn\u00e1zium \u00e9s Alapfok\u00fa M\u0171v\u00e9szeti Iskola","article_publisher":"https:\/\/www.facebook.com\/3belazirc\/","article_author":"https:\/\/www.facebook.com\/SilentlambDesign\/","article_published_time":"2025-05-12T06:42:41+00:00","og_image":[{"width":842,"height":1191,"url":"https:\/\/3belazirc.hu\/wp\/wp-content\/uploads\/2025\/05\/KocsisCsaba_resized.jpg","type":"image\/jpeg"}],"author":"Radics P\u00e9ter","twitter_card":"summary_large_image","twitter_creator":"@d4rksh33p","twitter_misc":{"Szerz\u0151:":"Radics P\u00e9ter","Becs\u00fclt olvas\u00e1si id\u0151":"4 perc"},"schema":{"@context":"https:\/\/schema.org","@graph":[{"@type":"Article","@id":"https:\/\/3belazirc.hu\/wp\/minoseg-minden-lepesben\/#article","isPartOf":{"@id":"https:\/\/3belazirc.hu\/wp\/minoseg-minden-lepesben\/"},"author":{"name":"Radics P\u00e9ter","@id":"https:\/\/3belazirc.hu\/wp\/#\/schema\/person\/6f0c73969d88f5abb80e0fcfa21912c5"},"headline":"\u201eMin\u0151s\u00e9g minden l\u00e9p\u00e9sben\u201d","datePublished":"2025-05-12T06:42:41+00:00","mainEntityOfPage":{"@id":"https:\/\/3belazirc.hu\/wp\/minoseg-minden-lepesben\/"},"wordCount":1040,"image":{"@id":"https:\/\/3belazirc.hu\/wp\/minoseg-minden-lepesben\/#primaryimage"},"thumbnailUrl":"https:\/\/3belazirc.hu\/wp\/wp-content\/uploads\/2025\/05\/KocsisCsaba_resized.jpg","articleSection":["Bejegyz\u00e9s","Besz\u00e1mol\u00f3"],"inLanguage":"hu"},{"@type":"WebPage","@id":"https:\/\/3belazirc.hu\/wp\/minoseg-minden-lepesben\/","url":"https:\/\/3belazirc.hu\/wp\/minoseg-minden-lepesben\/","name":"\u201eMin\u0151s\u00e9g minden l\u00e9p\u00e9sben\u201d - III. B\u00e9la Gimn\u00e1zium, M\u0171v\u00e9szeti Szakgimn\u00e1zium \u00e9s Alapfok\u00fa M\u0171v\u00e9szeti Iskola","isPartOf":{"@id":"https:\/\/3belazirc.hu\/wp\/#website"},"primaryImageOfPage":{"@id":"https:\/\/3belazirc.hu\/wp\/minoseg-minden-lepesben\/#primaryimage"},"image":{"@id":"https:\/\/3belazirc.hu\/wp\/minoseg-minden-lepesben\/#primaryimage"},"thumbnailUrl":"https:\/\/3belazirc.hu\/wp\/wp-content\/uploads\/2025\/05\/KocsisCsaba_resized.jpg","datePublished":"2025-05-12T06:42:41+00:00","author":{"@id":"https:\/\/3belazirc.hu\/wp\/#\/schema\/person\/6f0c73969d88f5abb80e0fcfa21912c5"},"breadcrumb":{"@id":"https:\/\/3belazirc.hu\/wp\/minoseg-minden-lepesben\/#breadcrumb"},"inLanguage":"hu","potentialAction":[{"@type":"ReadAction","target":["https:\/\/3belazirc.hu\/wp\/minoseg-minden-lepesben\/"]}]},{"@type":"ImageObject","inLanguage":"hu","@id":"https:\/\/3belazirc.hu\/wp\/minoseg-minden-lepesben\/#primaryimage","url":"https:\/\/3belazirc.hu\/wp\/wp-content\/uploads\/2025\/05\/KocsisCsaba_resized.jpg","contentUrl":"https:\/\/3belazirc.hu\/wp\/wp-content\/uploads\/2025\/05\/KocsisCsaba_resized.jpg","width":842,"height":1191},{"@type":"BreadcrumbList","@id":"https:\/\/3belazirc.hu\/wp\/minoseg-minden-lepesben\/#breadcrumb","itemListElement":[{"@type":"ListItem","position":1,"name":"Home","item":"https:\/\/3belazirc.hu\/wp\/"},{"@type":"ListItem","position":2,"name":"\u201eMin\u0151s\u00e9g minden l\u00e9p\u00e9sben\u201d"}]},{"@type":"WebSite","@id":"https:\/\/3belazirc.hu\/wp\/#website","url":"https:\/\/3belazirc.hu\/wp\/","name":"III. B\u00e9la Gimn\u00e1zium, M\u0171v\u00e9szeti Szakgimn\u00e1zium \u00e9s AMI","description":"8420, Zirc K\u00f6zt\u00e1rsas\u00e1g utca 9. | tel: 88\/414-449 | mobil: 06-30-811-3176 | email: 3bela@bela-zirc.edu.hu | www.facebook.com\/iiibelazirc www.facebook.com\/zircizeneiskola","potentialAction":[{"@type":"SearchAction","target":{"@type":"EntryPoint","urlTemplate":"https:\/\/3belazirc.hu\/wp\/?s={search_term_string}"},"query-input":{"@type":"PropertyValueSpecification","valueRequired":true,"valueName":"search_term_string"}}],"inLanguage":"hu"},{"@type":"Person","@id":"https:\/\/3belazirc.hu\/wp\/#\/schema\/person\/6f0c73969d88f5abb80e0fcfa21912c5","name":"Radics P\u00e9ter","image":{"@type":"ImageObject","inLanguage":"hu","@id":"https:\/\/secure.gravatar.com\/avatar\/7546a48bbb6268c82e7e07e29f09f5253c4dd44d4a78ad4dac31ec9ff18e81df?s=96&d=mm&r=g","url":"https:\/\/secure.gravatar.com\/avatar\/7546a48bbb6268c82e7e07e29f09f5253c4dd44d4a78ad4dac31ec9ff18e81df?s=96&d=mm&r=g","contentUrl":"https:\/\/secure.gravatar.com\/avatar\/7546a48bbb6268c82e7e07e29f09f5253c4dd44d4a78ad4dac31ec9ff18e81df?s=96&d=mm&r=g","caption":"Radics P\u00e9ter"},"sameAs":["http:\/\/silentlamb.hu","https:\/\/www.facebook.com\/SilentlambDesign\/","https:\/\/www.instagram.com\/d4rksh33p\/?hl=hu","https:\/\/x.com\/d4rksh33p"]}]}},"publishpress_future_action":{"enabled":false,"date":"2026-05-09 10:41:21","action":"change-status","newStatus":"draft","terms":[],"taxonomy":"category","extraData":[]},"publishpress_future_workflow_manual_trigger":{"enabledWorkflows":[]},"_links":{"self":[{"href":"https:\/\/3belazirc.hu\/wp\/wp-json\/wp\/v2\/posts\/11891","targetHints":{"allow":["GET"]}}],"collection":[{"href":"https:\/\/3belazirc.hu\/wp\/wp-json\/wp\/v2\/posts"}],"about":[{"href":"https:\/\/3belazirc.hu\/wp\/wp-json\/wp\/v2\/types\/post"}],"author":[{"embeddable":true,"href":"https:\/\/3belazirc.hu\/wp\/wp-json\/wp\/v2\/users\/1"}],"replies":[{"embeddable":true,"href":"https:\/\/3belazirc.hu\/wp\/wp-json\/wp\/v2\/comments?post=11891"}],"version-history":[{"count":1,"href":"https:\/\/3belazirc.hu\/wp\/wp-json\/wp\/v2\/posts\/11891\/revisions"}],"predecessor-version":[{"id":11899,"href":"https:\/\/3belazirc.hu\/wp\/wp-json\/wp\/v2\/posts\/11891\/revisions\/11899"}],"wp:featuredmedia":[{"embeddable":true,"href":"https:\/\/3belazirc.hu\/wp\/wp-json\/wp\/v2\/media\/11898"}],"wp:attachment":[{"href":"https:\/\/3belazirc.hu\/wp\/wp-json\/wp\/v2\/media?parent=11891"}],"wp:term":[{"taxonomy":"category","embeddable":true,"href":"https:\/\/3belazirc.hu\/wp\/wp-json\/wp\/v2\/categories?post=11891"},{"taxonomy":"post_tag","embeddable":true,"href":"https:\/\/3belazirc.hu\/wp\/wp-json\/wp\/v2\/tags?post=11891"}],"curies":[{"name":"wp","href":"https:\/\/api.w.org\/{rel}","templated":true}]}}