{"id":12434,"date":"2026-01-30T14:23:39","date_gmt":"2026-01-30T12:23:39","guid":{"rendered":"https:\/\/3belazirc.hu\/wp\/?p=12434"},"modified":"2026-01-30T14:24:35","modified_gmt":"2026-01-30T12:24:35","slug":"muveszet-ami-mukodik-avagy-hogyan-lesz-a-rajzbol-karrier","status":"publish","type":"post","link":"https:\/\/3belazirc.hu\/wp\/muveszet-ami-mukodik-avagy-hogyan-lesz-a-rajzbol-karrier\/","title":{"rendered":"M\u0171v\u00e9szet, ami m\u0171k\u00f6dik! \u2013 avagy hogyan lesz a rajzb\u00f3l karrier?"},"content":{"rendered":"<p>Iskol\u00e1nkban inspir\u00e1l\u00f3 vend\u00e9gel\u0151ad\u00e1st tartott\u00a0<strong>Adorj\u00e1n Armand<\/strong>, volt di\u00e1kunk, \u00e9s p\u00e1rja,\u00a0<strong>Nagy Vivien<\/strong>, akik szem\u00e9lyes t\u00f6rt\u00e9neteiken \u00e9s saj\u00e1t munk\u00e1ikon kereszt\u00fcl mutatt\u00e1k meg di\u00e1kjainknak, milyen sokf\u00e9le \u00fat vezethet a m\u0171v\u00e9szeti \u00e9s grafikai p\u00e1ly\u00e1k fel\u00e9.<\/p>\n<p>Mindk\u00e9t el\u0151ad\u00f3 fiatal alkot\u00f3, m\u00e9gis m\u00e1r komoly szakmai tapasztalattal rendelkeznek. El\u0151ad\u00e1suk sor\u00e1n \u0151szint\u00e9n besz\u00e9ltek arr\u00f3l, hogyan alakult az \u00fatjuk a k\u00f6z\u00e9piskol\u00e1t\u00f3l az egyetemig, majd a kreat\u00edv szakm\u00e1k vil\u00e1g\u00e1ig, \u00e9s milyen d\u00f6nt\u00e9sek, kih\u00edv\u00e1sok \u00e9s lehet\u0151s\u00e9gek form\u00e1lt\u00e1k a p\u00e1ly\u00e1jukat.<\/p>\n<p><strong>Adorj\u00e1n Armand<\/strong>, a P\u00e9csi Tudom\u00e1nyegyetem M\u0171v\u00e9szeti Kar\u00e1nak Fest\u00e9szet Tansz\u00e9k\u00e9n v\u00e9gzett fest\u0151m\u0171v\u00e9sz, sokoldal\u00fa alkot\u00f3i tev\u00e9kenys\u00e9g\u00e9t mutatta be a di\u00e1koknak. A fest\u00e9szet mellett tetov\u00e1l\u00f3 m\u0171v\u00e9szk\u00e9nt, grafikusk\u00e9nt \u00e9s fotogr\u00e1fusk\u00e9nt is dolgozik, s\u0151t saj\u00e1t \u00e9kszerterveit is megismerhett\u00fck. El\u0151ad\u00e1s\u00e1ban hangs\u00falyozta, hogy a m\u0171v\u00e9szeti ter\u00fcletek k\u00f6z\u00f6tt gyakran van \u00e1tj\u00e1r\u00e1s, \u00e9s t\u00f6bb alkot\u00f3i ir\u00e1ny is egy\u00fctt tud m\u0171k\u00f6dni egy tudatosan fel\u00e9p\u00edtett \u00e9letp\u00e1ly\u00e1n.<\/p>\n<p><strong>Nagy Vivien<\/strong>, a P\u00e9csi Tudom\u00e1nyegyetem grafika szak\u00e1n v\u00e9gzett, az eg\u00e9sz egyetemet lefed\u0151\u00a0 P\u00e9csi Tudom\u00e1nyegyetem Hallgat\u00f3i Szolg\u00e1ltat\u00e1si K\u00f6zpont alkalmazott grafikusa, a szakma gyakorlati oldal\u00e1ba engedett betekint\u00e9st. Mes\u00e9lt arr\u00f3l, hogyan k\u00e9sz\u00fclnek el egy-egy egyetemi fesztiv\u00e1l vagy esem\u00e9ny vizu\u00e1lis arculatai, \u00e9s hogyan v\u00e1lik egy kezdeti \u00f6tletb\u0151l egys\u00e9ges, j\u00f3l m\u0171k\u00f6d\u0151 grafikai rendszer. A di\u00e1kok \u00edgy testk\u00f6zelb\u0151l l\u00e1thatt\u00e1k a kreat\u00edv tervez\u00e9si folyamat l\u00e9p\u00e9seit.<\/p>\n<p>Az el\u0151ad\u00f3k kiemelt figyelmet ford\u00edtottak a\u00a0<strong>tov\u00e1bbtanul\u00e1s<\/strong>, a\u00a0<strong>p\u00e1lyav\u00e1laszt\u00e1s<\/strong>\u00a0\u00e9s a\u00a0<strong>portf\u00f3li\u00f3k\u00e9sz\u00edt\u00e9s<\/strong>\u00a0k\u00e9rd\u00e9seire, \u00e9s sz\u00e1mos hasznos, gyakorlati tan\u00e1ccsal l\u00e1tt\u00e1k el a tanul\u00f3kat. Munk\u00e1ikat konkr\u00e9t p\u00e9ld\u00e1kon kereszt\u00fcl mutatt\u00e1k be: portf\u00f3li\u00f3k, grafikai term\u00e9kek, p\u00f3l\u00f3k, lin\u00f3metszetek, k\u00f6nyvek \u00e9s m\u0171v\u00e9szf\u00fczetek mellett a PTE sz\u00e1m\u00e1ra k\u00e9sz\u00fclt prom\u00f3ci\u00f3s aj\u00e1nd\u00e9kt\u00e1rgyak \u00e9s sz\u00f3r\u00f3lapok is bemutat\u00e1sra ker\u00fcltek.<\/p>\n<p>A tal\u00e1lkoz\u00f3 val\u00f3di inspir\u00e1ci\u00f3t jelentett di\u00e1kjaink sz\u00e1m\u00e1ra: hiteles p\u00e9ld\u00e1kon kereszt\u00fcl kaptak k\u00e9pet arr\u00f3l, milyen lehet\u0151s\u00e9gek \u00e9s kih\u00edv\u00e1sok v\u00e1rhatnak r\u00e1juk a m\u0171v\u00e9szeti fels\u0151oktat\u00e1sban \u00e9s a kreat\u00edv szakm\u00e1k vil\u00e1g\u00e1ban \u2013 \u00e9s arr\u00f3l is, hogy egy rajz val\u00f3ban lehet egy j\u00f6v\u0151 kezdete.<\/p>\n<div id='gallery-1' class='gallery galleryid-12434 gallery-columns-3 gallery-size-medium'><figure class='gallery-item'>\n\t\t\t<div class='gallery-icon landscape'>\n\t\t\t\t<a href='https:\/\/3belazirc.hu\/wp\/wp-content\/uploads\/2026\/01\/IMG_20260128_101421-scaled.jpg' title=\"IMG_20260128_101421\" data-rl_title=\"IMG_20260128_101421\" class=\"rl-gallery-link\" data-rl_caption=\"\" data-rel=\"lightbox-gallery-1\"><img decoding=\"async\" width=\"300\" height=\"135\" src=\"https:\/\/3belazirc.hu\/wp\/wp-content\/uploads\/2026\/01\/IMG_20260128_101421-300x135.jpg\" class=\"attachment-medium size-medium\" alt=\"\" srcset=\"https:\/\/3belazirc.hu\/wp\/wp-content\/uploads\/2026\/01\/IMG_20260128_101421-300x135.jpg 300w, https:\/\/3belazirc.hu\/wp\/wp-content\/uploads\/2026\/01\/IMG_20260128_101421-700x315.jpg 700w, https:\/\/3belazirc.hu\/wp\/wp-content\/uploads\/2026\/01\/IMG_20260128_101421-768x346.jpg 768w, https:\/\/3belazirc.hu\/wp\/wp-content\/uploads\/2026\/01\/IMG_20260128_101421-1536x691.jpg 1536w, https:\/\/3belazirc.hu\/wp\/wp-content\/uploads\/2026\/01\/IMG_20260128_101421-2048x922.jpg 2048w, https:\/\/3belazirc.hu\/wp\/wp-content\/uploads\/2026\/01\/IMG_20260128_101421-18x8.jpg 18w, https:\/\/3belazirc.hu\/wp\/wp-content\/uploads\/2026\/01\/IMG_20260128_101421-640x288.jpg 640w, https:\/\/3belazirc.hu\/wp\/wp-content\/uploads\/2026\/01\/IMG_20260128_101421-800x360.jpg 800w\" sizes=\"(max-width: 300px) 100vw, 300px\" \/><\/a>\n\t\t\t<\/div><\/figure><figure class='gallery-item'>\n\t\t\t<div class='gallery-icon landscape'>\n\t\t\t\t<a href='https:\/\/3belazirc.hu\/wp\/wp-content\/uploads\/2026\/01\/IMG_20260128_101457-scaled.jpg' title=\"IMG_20260128_101457\" data-rl_title=\"IMG_20260128_101457\" class=\"rl-gallery-link\" data-rl_caption=\"\" data-rel=\"lightbox-gallery-1\"><img decoding=\"async\" width=\"300\" height=\"135\" src=\"https:\/\/3belazirc.hu\/wp\/wp-content\/uploads\/2026\/01\/IMG_20260128_101457-300x135.jpg\" class=\"attachment-medium size-medium\" alt=\"\" srcset=\"https:\/\/3belazirc.hu\/wp\/wp-content\/uploads\/2026\/01\/IMG_20260128_101457-300x135.jpg 300w, https:\/\/3belazirc.hu\/wp\/wp-content\/uploads\/2026\/01\/IMG_20260128_101457-700x315.jpg 700w, https:\/\/3belazirc.hu\/wp\/wp-content\/uploads\/2026\/01\/IMG_20260128_101457-768x346.jpg 768w, https:\/\/3belazirc.hu\/wp\/wp-content\/uploads\/2026\/01\/IMG_20260128_101457-1536x691.jpg 1536w, https:\/\/3belazirc.hu\/wp\/wp-content\/uploads\/2026\/01\/IMG_20260128_101457-2048x922.jpg 2048w, https:\/\/3belazirc.hu\/wp\/wp-content\/uploads\/2026\/01\/IMG_20260128_101457-18x8.jpg 18w, https:\/\/3belazirc.hu\/wp\/wp-content\/uploads\/2026\/01\/IMG_20260128_101457-640x288.jpg 640w, https:\/\/3belazirc.hu\/wp\/wp-content\/uploads\/2026\/01\/IMG_20260128_101457-800x360.jpg 800w\" sizes=\"(max-width: 300px) 100vw, 300px\" \/><\/a>\n\t\t\t<\/div><\/figure><figure class='gallery-item'>\n\t\t\t<div class='gallery-icon landscape'>\n\t\t\t\t<a href='https:\/\/3belazirc.hu\/wp\/wp-content\/uploads\/2026\/01\/IMG_20260128_093049-scaled.jpg' title=\"IMG_20260128_093049\" data-rl_title=\"IMG_20260128_093049\" class=\"rl-gallery-link\" data-rl_caption=\"\" data-rel=\"lightbox-gallery-1\"><img decoding=\"async\" width=\"300\" height=\"135\" src=\"https:\/\/3belazirc.hu\/wp\/wp-content\/uploads\/2026\/01\/IMG_20260128_093049-300x135.jpg\" class=\"attachment-medium size-medium\" alt=\"\" srcset=\"https:\/\/3belazirc.hu\/wp\/wp-content\/uploads\/2026\/01\/IMG_20260128_093049-300x135.jpg 300w, https:\/\/3belazirc.hu\/wp\/wp-content\/uploads\/2026\/01\/IMG_20260128_093049-700x315.jpg 700w, https:\/\/3belazirc.hu\/wp\/wp-content\/uploads\/2026\/01\/IMG_20260128_093049-768x346.jpg 768w, https:\/\/3belazirc.hu\/wp\/wp-content\/uploads\/2026\/01\/IMG_20260128_093049-1536x691.jpg 1536w, https:\/\/3belazirc.hu\/wp\/wp-content\/uploads\/2026\/01\/IMG_20260128_093049-2048x922.jpg 2048w, https:\/\/3belazirc.hu\/wp\/wp-content\/uploads\/2026\/01\/IMG_20260128_093049-18x8.jpg 18w, https:\/\/3belazirc.hu\/wp\/wp-content\/uploads\/2026\/01\/IMG_20260128_093049-640x288.jpg 640w, https:\/\/3belazirc.hu\/wp\/wp-content\/uploads\/2026\/01\/IMG_20260128_093049-800x360.jpg 800w\" sizes=\"(max-width: 300px) 100vw, 300px\" \/><\/a>\n\t\t\t<\/div><\/figure><figure class='gallery-item'>\n\t\t\t<div class='gallery-icon landscape'>\n\t\t\t\t<a href='https:\/\/3belazirc.hu\/wp\/wp-content\/uploads\/2026\/01\/IMG_20260128_093222-scaled.jpg' title=\"IMG_20260128_093222\" data-rl_title=\"IMG_20260128_093222\" class=\"rl-gallery-link\" data-rl_caption=\"\" data-rel=\"lightbox-gallery-1\"><img decoding=\"async\" width=\"300\" height=\"135\" src=\"https:\/\/3belazirc.hu\/wp\/wp-content\/uploads\/2026\/01\/IMG_20260128_093222-300x135.jpg\" class=\"attachment-medium size-medium\" alt=\"\" srcset=\"https:\/\/3belazirc.hu\/wp\/wp-content\/uploads\/2026\/01\/IMG_20260128_093222-300x135.jpg 300w, https:\/\/3belazirc.hu\/wp\/wp-content\/uploads\/2026\/01\/IMG_20260128_093222-700x315.jpg 700w, https:\/\/3belazirc.hu\/wp\/wp-content\/uploads\/2026\/01\/IMG_20260128_093222-768x346.jpg 768w, https:\/\/3belazirc.hu\/wp\/wp-content\/uploads\/2026\/01\/IMG_20260128_093222-1536x691.jpg 1536w, https:\/\/3belazirc.hu\/wp\/wp-content\/uploads\/2026\/01\/IMG_20260128_093222-2048x922.jpg 2048w, https:\/\/3belazirc.hu\/wp\/wp-content\/uploads\/2026\/01\/IMG_20260128_093222-18x8.jpg 18w, https:\/\/3belazirc.hu\/wp\/wp-content\/uploads\/2026\/01\/IMG_20260128_093222-640x288.jpg 640w, https:\/\/3belazirc.hu\/wp\/wp-content\/uploads\/2026\/01\/IMG_20260128_093222-800x360.jpg 800w\" sizes=\"(max-width: 300px) 100vw, 300px\" \/><\/a>\n\t\t\t<\/div><\/figure><figure class='gallery-item'>\n\t\t\t<div class='gallery-icon landscape'>\n\t\t\t\t<a href='https:\/\/3belazirc.hu\/wp\/wp-content\/uploads\/2026\/01\/IMG_20260128_103922-scaled.jpg' title=\"IMG_20260128_103922\" data-rl_title=\"IMG_20260128_103922\" class=\"rl-gallery-link\" data-rl_caption=\"\" data-rel=\"lightbox-gallery-1\"><img decoding=\"async\" width=\"300\" height=\"135\" src=\"https:\/\/3belazirc.hu\/wp\/wp-content\/uploads\/2026\/01\/IMG_20260128_103922-300x135.jpg\" class=\"attachment-medium size-medium\" alt=\"\" srcset=\"https:\/\/3belazirc.hu\/wp\/wp-content\/uploads\/2026\/01\/IMG_20260128_103922-300x135.jpg 300w, https:\/\/3belazirc.hu\/wp\/wp-content\/uploads\/2026\/01\/IMG_20260128_103922-700x315.jpg 700w, https:\/\/3belazirc.hu\/wp\/wp-content\/uploads\/2026\/01\/IMG_20260128_103922-768x346.jpg 768w, https:\/\/3belazirc.hu\/wp\/wp-content\/uploads\/2026\/01\/IMG_20260128_103922-1536x691.jpg 1536w, https:\/\/3belazirc.hu\/wp\/wp-content\/uploads\/2026\/01\/IMG_20260128_103922-2048x922.jpg 2048w, https:\/\/3belazirc.hu\/wp\/wp-content\/uploads\/2026\/01\/IMG_20260128_103922-18x8.jpg 18w, https:\/\/3belazirc.hu\/wp\/wp-content\/uploads\/2026\/01\/IMG_20260128_103922-640x288.jpg 640w, https:\/\/3belazirc.hu\/wp\/wp-content\/uploads\/2026\/01\/IMG_20260128_103922-800x360.jpg 800w\" sizes=\"(max-width: 300px) 100vw, 300px\" \/><\/a>\n\t\t\t<\/div><\/figure><figure class='gallery-item'>\n\t\t\t<div class='gallery-icon landscape'>\n\t\t\t\t<a href='https:\/\/3belazirc.hu\/wp\/wp-content\/uploads\/2026\/01\/IMG_20260128_093200-scaled.jpg' title=\"IMG_20260128_093200\" data-rl_title=\"IMG_20260128_093200\" class=\"rl-gallery-link\" data-rl_caption=\"\" data-rel=\"lightbox-gallery-1\"><img decoding=\"async\" width=\"300\" height=\"135\" src=\"https:\/\/3belazirc.hu\/wp\/wp-content\/uploads\/2026\/01\/IMG_20260128_093200-300x135.jpg\" class=\"attachment-medium size-medium\" alt=\"\" srcset=\"https:\/\/3belazirc.hu\/wp\/wp-content\/uploads\/2026\/01\/IMG_20260128_093200-300x135.jpg 300w, https:\/\/3belazirc.hu\/wp\/wp-content\/uploads\/2026\/01\/IMG_20260128_093200-700x315.jpg 700w, https:\/\/3belazirc.hu\/wp\/wp-content\/uploads\/2026\/01\/IMG_20260128_093200-768x346.jpg 768w, https:\/\/3belazirc.hu\/wp\/wp-content\/uploads\/2026\/01\/IMG_20260128_093200-1536x691.jpg 1536w, https:\/\/3belazirc.hu\/wp\/wp-content\/uploads\/2026\/01\/IMG_20260128_093200-2048x922.jpg 2048w, https:\/\/3belazirc.hu\/wp\/wp-content\/uploads\/2026\/01\/IMG_20260128_093200-18x8.jpg 18w, https:\/\/3belazirc.hu\/wp\/wp-content\/uploads\/2026\/01\/IMG_20260128_093200-640x288.jpg 640w, https:\/\/3belazirc.hu\/wp\/wp-content\/uploads\/2026\/01\/IMG_20260128_093200-800x360.jpg 800w\" sizes=\"(max-width: 300px) 100vw, 300px\" \/><\/a>\n\t\t\t<\/div><\/figure><figure class='gallery-item'>\n\t\t\t<div class='gallery-icon landscape'>\n\t\t\t\t<a href='https:\/\/3belazirc.hu\/wp\/wp-content\/uploads\/2026\/01\/IMG_20260128_093335-scaled.jpg' title=\"IMG_20260128_093335\" data-rl_title=\"IMG_20260128_093335\" class=\"rl-gallery-link\" data-rl_caption=\"\" data-rel=\"lightbox-gallery-1\"><img decoding=\"async\" width=\"300\" height=\"135\" src=\"https:\/\/3belazirc.hu\/wp\/wp-content\/uploads\/2026\/01\/IMG_20260128_093335-300x135.jpg\" class=\"attachment-medium size-medium\" alt=\"\" srcset=\"https:\/\/3belazirc.hu\/wp\/wp-content\/uploads\/2026\/01\/IMG_20260128_093335-300x135.jpg 300w, https:\/\/3belazirc.hu\/wp\/wp-content\/uploads\/2026\/01\/IMG_20260128_093335-700x315.jpg 700w, https:\/\/3belazirc.hu\/wp\/wp-content\/uploads\/2026\/01\/IMG_20260128_093335-768x346.jpg 768w, https:\/\/3belazirc.hu\/wp\/wp-content\/uploads\/2026\/01\/IMG_20260128_093335-1536x691.jpg 1536w, https:\/\/3belazirc.hu\/wp\/wp-content\/uploads\/2026\/01\/IMG_20260128_093335-2048x922.jpg 2048w, https:\/\/3belazirc.hu\/wp\/wp-content\/uploads\/2026\/01\/IMG_20260128_093335-18x8.jpg 18w, https:\/\/3belazirc.hu\/wp\/wp-content\/uploads\/2026\/01\/IMG_20260128_093335-640x288.jpg 640w, https:\/\/3belazirc.hu\/wp\/wp-content\/uploads\/2026\/01\/IMG_20260128_093335-800x360.jpg 800w\" sizes=\"(max-width: 300px) 100vw, 300px\" \/><\/a>\n\t\t\t<\/div><\/figure><figure class='gallery-item'>\n\t\t\t<div class='gallery-icon portrait'>\n\t\t\t\t<a href='https:\/\/3belazirc.hu\/wp\/wp-content\/uploads\/2026\/01\/IMG_20260128_093100-scaled.jpg' title=\"IMG_20260128_093100\" data-rl_title=\"IMG_20260128_093100\" class=\"rl-gallery-link\" data-rl_caption=\"\" data-rel=\"lightbox-gallery-1\"><img decoding=\"async\" width=\"135\" height=\"300\" src=\"https:\/\/3belazirc.hu\/wp\/wp-content\/uploads\/2026\/01\/IMG_20260128_093100-135x300.jpg\" class=\"attachment-medium size-medium\" alt=\"\" srcset=\"https:\/\/3belazirc.hu\/wp\/wp-content\/uploads\/2026\/01\/IMG_20260128_093100-135x300.jpg 135w, https:\/\/3belazirc.hu\/wp\/wp-content\/uploads\/2026\/01\/IMG_20260128_093100-700x1556.jpg 700w, https:\/\/3belazirc.hu\/wp\/wp-content\/uploads\/2026\/01\/IMG_20260128_093100-768x1707.jpg 768w, https:\/\/3belazirc.hu\/wp\/wp-content\/uploads\/2026\/01\/IMG_20260128_093100-691x1536.jpg 691w, https:\/\/3belazirc.hu\/wp\/wp-content\/uploads\/2026\/01\/IMG_20260128_093100-922x2048.jpg 922w, https:\/\/3belazirc.hu\/wp\/wp-content\/uploads\/2026\/01\/IMG_20260128_093100-5x12.jpg 5w, https:\/\/3belazirc.hu\/wp\/wp-content\/uploads\/2026\/01\/IMG_20260128_093100-640x1422.jpg 640w, https:\/\/3belazirc.hu\/wp\/wp-content\/uploads\/2026\/01\/IMG_20260128_093100-800x1778.jpg 800w, https:\/\/3belazirc.hu\/wp\/wp-content\/uploads\/2026\/01\/IMG_20260128_093100-scaled.jpg 1152w\" sizes=\"(max-width: 135px) 100vw, 135px\" \/><\/a>\n\t\t\t<\/div><\/figure><figure class='gallery-item'>\n\t\t\t<div class='gallery-icon landscape'>\n\t\t\t\t<a href='https:\/\/3belazirc.hu\/wp\/wp-content\/uploads\/2026\/01\/82a40fdf-d154-498c-8cc9-f8a1cd96d0af.jpg' title=\"82a40fdf-d154-498c-8cc9-f8a1cd96d0af\" data-rl_title=\"82a40fdf-d154-498c-8cc9-f8a1cd96d0af\" class=\"rl-gallery-link\" data-rl_caption=\"\" data-rel=\"lightbox-gallery-1\"><img decoding=\"async\" width=\"300\" height=\"225\" src=\"https:\/\/3belazirc.hu\/wp\/wp-content\/uploads\/2026\/01\/82a40fdf-d154-498c-8cc9-f8a1cd96d0af-300x225.jpg\" class=\"attachment-medium size-medium\" alt=\"\" srcset=\"https:\/\/3belazirc.hu\/wp\/wp-content\/uploads\/2026\/01\/82a40fdf-d154-498c-8cc9-f8a1cd96d0af-300x225.jpg 300w, https:\/\/3belazirc.hu\/wp\/wp-content\/uploads\/2026\/01\/82a40fdf-d154-498c-8cc9-f8a1cd96d0af-700x525.jpg 700w, https:\/\/3belazirc.hu\/wp\/wp-content\/uploads\/2026\/01\/82a40fdf-d154-498c-8cc9-f8a1cd96d0af-768x576.jpg 768w, https:\/\/3belazirc.hu\/wp\/wp-content\/uploads\/2026\/01\/82a40fdf-d154-498c-8cc9-f8a1cd96d0af-1536x1152.jpg 1536w, https:\/\/3belazirc.hu\/wp\/wp-content\/uploads\/2026\/01\/82a40fdf-d154-498c-8cc9-f8a1cd96d0af-16x12.jpg 16w, https:\/\/3belazirc.hu\/wp\/wp-content\/uploads\/2026\/01\/82a40fdf-d154-498c-8cc9-f8a1cd96d0af-640x480.jpg 640w, https:\/\/3belazirc.hu\/wp\/wp-content\/uploads\/2026\/01\/82a40fdf-d154-498c-8cc9-f8a1cd96d0af-800x600.jpg 800w, https:\/\/3belazirc.hu\/wp\/wp-content\/uploads\/2026\/01\/82a40fdf-d154-498c-8cc9-f8a1cd96d0af-80x60.jpg 80w, https:\/\/3belazirc.hu\/wp\/wp-content\/uploads\/2026\/01\/82a40fdf-d154-498c-8cc9-f8a1cd96d0af.jpg 2048w\" sizes=\"(max-width: 300px) 100vw, 300px\" \/><\/a>\n\t\t\t<\/div><\/figure><figure class='gallery-item'>\n\t\t\t<div class='gallery-icon landscape'>\n\t\t\t\t<a href='https:\/\/3belazirc.hu\/wp\/wp-content\/uploads\/2026\/01\/IMG_20260128_110958-scaled.jpg' title=\"IMG_20260128_110958\" data-rl_title=\"IMG_20260128_110958\" class=\"rl-gallery-link\" data-rl_caption=\"\" data-rel=\"lightbox-gallery-1\"><img decoding=\"async\" width=\"300\" height=\"135\" src=\"https:\/\/3belazirc.hu\/wp\/wp-content\/uploads\/2026\/01\/IMG_20260128_110958-300x135.jpg\" class=\"attachment-medium size-medium\" alt=\"\" srcset=\"https:\/\/3belazirc.hu\/wp\/wp-content\/uploads\/2026\/01\/IMG_20260128_110958-300x135.jpg 300w, https:\/\/3belazirc.hu\/wp\/wp-content\/uploads\/2026\/01\/IMG_20260128_110958-700x315.jpg 700w, https:\/\/3belazirc.hu\/wp\/wp-content\/uploads\/2026\/01\/IMG_20260128_110958-768x346.jpg 768w, https:\/\/3belazirc.hu\/wp\/wp-content\/uploads\/2026\/01\/IMG_20260128_110958-1536x691.jpg 1536w, https:\/\/3belazirc.hu\/wp\/wp-content\/uploads\/2026\/01\/IMG_20260128_110958-2048x922.jpg 2048w, https:\/\/3belazirc.hu\/wp\/wp-content\/uploads\/2026\/01\/IMG_20260128_110958-18x8.jpg 18w, https:\/\/3belazirc.hu\/wp\/wp-content\/uploads\/2026\/01\/IMG_20260128_110958-640x288.jpg 640w, https:\/\/3belazirc.hu\/wp\/wp-content\/uploads\/2026\/01\/IMG_20260128_110958-800x360.jpg 800w\" sizes=\"(max-width: 300px) 100vw, 300px\" \/><\/a>\n\t\t\t<\/div><\/figure><figure class='gallery-item'>\n\t\t\t<div class='gallery-icon portrait'>\n\t\t\t\t<a href='https:\/\/3belazirc.hu\/wp\/wp-content\/uploads\/2026\/01\/Armand-plakatja-2-scaled.jpg' title=\"Armand plak\u00e1tja 2\" data-rl_title=\"Armand plak\u00e1tja 2\" class=\"rl-gallery-link\" data-rl_caption=\"\" data-rel=\"lightbox-gallery-1\"><img decoding=\"async\" width=\"213\" height=\"300\" src=\"https:\/\/3belazirc.hu\/wp\/wp-content\/uploads\/2026\/01\/Armand-plakatja-2-213x300.jpg\" class=\"attachment-medium size-medium\" alt=\"\" srcset=\"https:\/\/3belazirc.hu\/wp\/wp-content\/uploads\/2026\/01\/Armand-plakatja-2-213x300.jpg 213w, https:\/\/3belazirc.hu\/wp\/wp-content\/uploads\/2026\/01\/Armand-plakatja-2-700x984.jpg 700w, https:\/\/3belazirc.hu\/wp\/wp-content\/uploads\/2026\/01\/Armand-plakatja-2-768x1080.jpg 768w, https:\/\/3belazirc.hu\/wp\/wp-content\/uploads\/2026\/01\/Armand-plakatja-2-1092x1536.jpg 1092w, https:\/\/3belazirc.hu\/wp\/wp-content\/uploads\/2026\/01\/Armand-plakatja-2-1457x2048.jpg 1457w, https:\/\/3belazirc.hu\/wp\/wp-content\/uploads\/2026\/01\/Armand-plakatja-2-9x12.jpg 9w, https:\/\/3belazirc.hu\/wp\/wp-content\/uploads\/2026\/01\/Armand-plakatja-2-640x900.jpg 640w, https:\/\/3belazirc.hu\/wp\/wp-content\/uploads\/2026\/01\/Armand-plakatja-2-800x1125.jpg 800w, https:\/\/3belazirc.hu\/wp\/wp-content\/uploads\/2026\/01\/Armand-plakatja-2-scaled.jpg 1821w\" sizes=\"(max-width: 213px) 100vw, 213px\" \/><\/a>\n\t\t\t<\/div><\/figure><figure class='gallery-item'>\n\t\t\t<div class='gallery-icon landscape'>\n\t\t\t\t<a href='https:\/\/3belazirc.hu\/wp\/wp-content\/uploads\/2026\/01\/IMG_20260128_093353-scaled.jpg' title=\"IMG_20260128_093353\" data-rl_title=\"IMG_20260128_093353\" class=\"rl-gallery-link\" data-rl_caption=\"\" data-rel=\"lightbox-gallery-1\"><img decoding=\"async\" width=\"300\" height=\"135\" src=\"https:\/\/3belazirc.hu\/wp\/wp-content\/uploads\/2026\/01\/IMG_20260128_093353-300x135.jpg\" class=\"attachment-medium size-medium\" alt=\"\" srcset=\"https:\/\/3belazirc.hu\/wp\/wp-content\/uploads\/2026\/01\/IMG_20260128_093353-300x135.jpg 300w, https:\/\/3belazirc.hu\/wp\/wp-content\/uploads\/2026\/01\/IMG_20260128_093353-700x315.jpg 700w, https:\/\/3belazirc.hu\/wp\/wp-content\/uploads\/2026\/01\/IMG_20260128_093353-768x346.jpg 768w, https:\/\/3belazirc.hu\/wp\/wp-content\/uploads\/2026\/01\/IMG_20260128_093353-1536x691.jpg 1536w, https:\/\/3belazirc.hu\/wp\/wp-content\/uploads\/2026\/01\/IMG_20260128_093353-2048x922.jpg 2048w, https:\/\/3belazirc.hu\/wp\/wp-content\/uploads\/2026\/01\/IMG_20260128_093353-18x8.jpg 18w, https:\/\/3belazirc.hu\/wp\/wp-content\/uploads\/2026\/01\/IMG_20260128_093353-640x288.jpg 640w, https:\/\/3belazirc.hu\/wp\/wp-content\/uploads\/2026\/01\/IMG_20260128_093353-800x360.jpg 800w\" sizes=\"(max-width: 300px) 100vw, 300px\" \/><\/a>\n\t\t\t<\/div><\/figure>\n\t\t<\/div>\n\n<p>&nbsp;<\/p>\n","protected":false},"excerpt":{"rendered":"<p>Iskol\u00e1nkban inspir\u00e1l\u00f3 vend\u00e9gel\u0151ad\u00e1st tartott\u00a0Adorj\u00e1n Armand, volt di\u00e1kunk, \u00e9s p\u00e1rja,\u00a0Nagy Vivien, akik szem\u00e9lyes t\u00f6rt\u00e9neteiken \u00e9s saj\u00e1t munk\u00e1ikon kereszt\u00fcl mutatt\u00e1k meg di\u00e1kjainknak, milyen sokf\u00e9le \u00fat vezethet a m\u0171v\u00e9szeti \u00e9s grafikai p\u00e1ly\u00e1k fel\u00e9. Mindk\u00e9t el\u0151ad\u00f3 fiatal alkot\u00f3, m\u00e9gis m\u00e1r komoly szakmai tapasztalattal rendelkeznek. El\u0151ad\u00e1suk sor\u00e1n \u0151szint\u00e9n besz\u00e9ltek arr\u00f3l, hogyan alakult az \u00fatjuk a k\u00f6z\u00e9piskol\u00e1t\u00f3l az egyetemig, majd a&#8230;<\/p>\n","protected":false},"author":1,"featured_media":12435,"comment_status":"closed","ping_status":"open","sticky":false,"template":"","format":"standard","meta":{"_crdt_document":"","footnotes":""},"categories":[16,169],"tags":[],"class_list":["post-12434","post","type-post","status-publish","format-standard","has-post-thumbnail","hentry","category-szoveg","category-beszamolo"],"yoast_head":"<!-- This site is optimized with the Yoast SEO plugin v27.4 - https:\/\/yoast.com\/product\/yoast-seo-wordpress\/ -->\n<title>M\u0171v\u00e9szet, ami m\u0171k\u00f6dik! \u2013 avagy hogyan lesz a rajzb\u00f3l karrier? - III. B\u00e9la Gimn\u00e1zium, M\u0171v\u00e9szeti Szakgimn\u00e1zium \u00e9s Alapfok\u00fa M\u0171v\u00e9szeti Iskola<\/title>\n<meta name=\"robots\" content=\"index, follow, max-snippet:-1, max-image-preview:large, max-video-preview:-1\" \/>\n<link rel=\"canonical\" href=\"https:\/\/3belazirc.hu\/wp\/muveszet-ami-mukodik-avagy-hogyan-lesz-a-rajzbol-karrier\/\" \/>\n<meta property=\"og:locale\" content=\"hu_HU\" \/>\n<meta property=\"og:type\" content=\"article\" \/>\n<meta property=\"og:title\" content=\"M\u0171v\u00e9szet, ami m\u0171k\u00f6dik! \u2013 avagy hogyan lesz a rajzb\u00f3l karrier? - III. B\u00e9la Gimn\u00e1zium, M\u0171v\u00e9szeti Szakgimn\u00e1zium \u00e9s Alapfok\u00fa M\u0171v\u00e9szeti Iskola\" \/>\n<meta property=\"og:description\" content=\"Iskol\u00e1nkban inspir\u00e1l\u00f3 vend\u00e9gel\u0151ad\u00e1st tartott\u00a0Adorj\u00e1n Armand, volt di\u00e1kunk, \u00e9s p\u00e1rja,\u00a0Nagy Vivien, akik szem\u00e9lyes t\u00f6rt\u00e9neteiken \u00e9s saj\u00e1t munk\u00e1ikon kereszt\u00fcl mutatt\u00e1k meg di\u00e1kjainknak, milyen sokf\u00e9le \u00fat vezethet a m\u0171v\u00e9szeti \u00e9s grafikai p\u00e1ly\u00e1k fel\u00e9. Mindk\u00e9t el\u0151ad\u00f3 fiatal alkot\u00f3, m\u00e9gis m\u00e1r komoly szakmai tapasztalattal rendelkeznek. El\u0151ad\u00e1suk sor\u00e1n \u0151szint\u00e9n besz\u00e9ltek arr\u00f3l, hogyan alakult az \u00fatjuk a k\u00f6z\u00e9piskol\u00e1t\u00f3l az egyetemig, majd a...\" \/>\n<meta property=\"og:url\" content=\"https:\/\/3belazirc.hu\/wp\/muveszet-ami-mukodik-avagy-hogyan-lesz-a-rajzbol-karrier\/\" \/>\n<meta property=\"og:site_name\" content=\"III. B\u00e9la Gimn\u00e1zium, M\u0171v\u00e9szeti Szakgimn\u00e1zium \u00e9s Alapfok\u00fa M\u0171v\u00e9szeti Iskola\" \/>\n<meta property=\"article:publisher\" content=\"https:\/\/www.facebook.com\/3belazirc\/\" \/>\n<meta property=\"article:author\" content=\"https:\/\/www.facebook.com\/SilentlambDesign\/\" \/>\n<meta property=\"article:published_time\" content=\"2026-01-30T12:23:39+00:00\" \/>\n<meta property=\"article:modified_time\" content=\"2026-01-30T12:24:35+00:00\" \/>\n<meta property=\"og:image\" content=\"https:\/\/3belazirc.hu\/wp\/wp-content\/uploads\/2026\/01\/82a40fdf-d154-498c-8cc9-f8a1cd96d0af.jpg\" \/>\n\t<meta property=\"og:image:width\" content=\"2048\" \/>\n\t<meta property=\"og:image:height\" content=\"1536\" \/>\n\t<meta property=\"og:image:type\" content=\"image\/jpeg\" \/>\n<meta name=\"author\" content=\"Radics P\u00e9ter\" \/>\n<meta name=\"twitter:card\" content=\"summary_large_image\" \/>\n<meta name=\"twitter:creator\" content=\"@d4rksh33p\" \/>\n<meta name=\"twitter:label1\" content=\"Szerz\u0151:\" \/>\n\t<meta name=\"twitter:data1\" content=\"Radics P\u00e9ter\" \/>\n\t<meta name=\"twitter:label2\" content=\"Becs\u00fclt olvas\u00e1si id\u0151\" \/>\n\t<meta name=\"twitter:data2\" content=\"2 perc\" \/>\n<script type=\"application\/ld+json\" class=\"yoast-schema-graph\">{\"@context\":\"https:\\\/\\\/schema.org\",\"@graph\":[{\"@type\":\"Article\",\"@id\":\"https:\\\/\\\/3belazirc.hu\\\/wp\\\/muveszet-ami-mukodik-avagy-hogyan-lesz-a-rajzbol-karrier\\\/#article\",\"isPartOf\":{\"@id\":\"https:\\\/\\\/3belazirc.hu\\\/wp\\\/muveszet-ami-mukodik-avagy-hogyan-lesz-a-rajzbol-karrier\\\/\"},\"author\":{\"name\":\"Radics P\u00e9ter\",\"@id\":\"https:\\\/\\\/3belazirc.hu\\\/wp\\\/#\\\/schema\\\/person\\\/6f0c73969d88f5abb80e0fcfa21912c5\"},\"headline\":\"M\u0171v\u00e9szet, ami m\u0171k\u00f6dik! \u2013 avagy hogyan lesz a rajzb\u00f3l karrier?\",\"datePublished\":\"2026-01-30T12:23:39+00:00\",\"dateModified\":\"2026-01-30T12:24:35+00:00\",\"mainEntityOfPage\":{\"@id\":\"https:\\\/\\\/3belazirc.hu\\\/wp\\\/muveszet-ami-mukodik-avagy-hogyan-lesz-a-rajzbol-karrier\\\/\"},\"wordCount\":503,\"image\":{\"@id\":\"https:\\\/\\\/3belazirc.hu\\\/wp\\\/muveszet-ami-mukodik-avagy-hogyan-lesz-a-rajzbol-karrier\\\/#primaryimage\"},\"thumbnailUrl\":\"https:\\\/\\\/3belazirc.hu\\\/wp\\\/wp-content\\\/uploads\\\/2026\\\/01\\\/82a40fdf-d154-498c-8cc9-f8a1cd96d0af.jpg\",\"articleSection\":[\"Bejegyz\u00e9s\",\"Besz\u00e1mol\u00f3\"],\"inLanguage\":\"hu\"},{\"@type\":\"WebPage\",\"@id\":\"https:\\\/\\\/3belazirc.hu\\\/wp\\\/muveszet-ami-mukodik-avagy-hogyan-lesz-a-rajzbol-karrier\\\/\",\"url\":\"https:\\\/\\\/3belazirc.hu\\\/wp\\\/muveszet-ami-mukodik-avagy-hogyan-lesz-a-rajzbol-karrier\\\/\",\"name\":\"M\u0171v\u00e9szet, ami m\u0171k\u00f6dik! \u2013 avagy hogyan lesz a rajzb\u00f3l karrier? - III. B\u00e9la Gimn\u00e1zium, M\u0171v\u00e9szeti Szakgimn\u00e1zium \u00e9s Alapfok\u00fa M\u0171v\u00e9szeti Iskola\",\"isPartOf\":{\"@id\":\"https:\\\/\\\/3belazirc.hu\\\/wp\\\/#website\"},\"primaryImageOfPage\":{\"@id\":\"https:\\\/\\\/3belazirc.hu\\\/wp\\\/muveszet-ami-mukodik-avagy-hogyan-lesz-a-rajzbol-karrier\\\/#primaryimage\"},\"image\":{\"@id\":\"https:\\\/\\\/3belazirc.hu\\\/wp\\\/muveszet-ami-mukodik-avagy-hogyan-lesz-a-rajzbol-karrier\\\/#primaryimage\"},\"thumbnailUrl\":\"https:\\\/\\\/3belazirc.hu\\\/wp\\\/wp-content\\\/uploads\\\/2026\\\/01\\\/82a40fdf-d154-498c-8cc9-f8a1cd96d0af.jpg\",\"datePublished\":\"2026-01-30T12:23:39+00:00\",\"dateModified\":\"2026-01-30T12:24:35+00:00\",\"author\":{\"@id\":\"https:\\\/\\\/3belazirc.hu\\\/wp\\\/#\\\/schema\\\/person\\\/6f0c73969d88f5abb80e0fcfa21912c5\"},\"breadcrumb\":{\"@id\":\"https:\\\/\\\/3belazirc.hu\\\/wp\\\/muveszet-ami-mukodik-avagy-hogyan-lesz-a-rajzbol-karrier\\\/#breadcrumb\"},\"inLanguage\":\"hu\",\"potentialAction\":[{\"@type\":\"ReadAction\",\"target\":[\"https:\\\/\\\/3belazirc.hu\\\/wp\\\/muveszet-ami-mukodik-avagy-hogyan-lesz-a-rajzbol-karrier\\\/\"]}]},{\"@type\":\"ImageObject\",\"inLanguage\":\"hu\",\"@id\":\"https:\\\/\\\/3belazirc.hu\\\/wp\\\/muveszet-ami-mukodik-avagy-hogyan-lesz-a-rajzbol-karrier\\\/#primaryimage\",\"url\":\"https:\\\/\\\/3belazirc.hu\\\/wp\\\/wp-content\\\/uploads\\\/2026\\\/01\\\/82a40fdf-d154-498c-8cc9-f8a1cd96d0af.jpg\",\"contentUrl\":\"https:\\\/\\\/3belazirc.hu\\\/wp\\\/wp-content\\\/uploads\\\/2026\\\/01\\\/82a40fdf-d154-498c-8cc9-f8a1cd96d0af.jpg\",\"width\":2048,\"height\":1536},{\"@type\":\"BreadcrumbList\",\"@id\":\"https:\\\/\\\/3belazirc.hu\\\/wp\\\/muveszet-ami-mukodik-avagy-hogyan-lesz-a-rajzbol-karrier\\\/#breadcrumb\",\"itemListElement\":[{\"@type\":\"ListItem\",\"position\":1,\"name\":\"Home\",\"item\":\"https:\\\/\\\/3belazirc.hu\\\/wp\\\/\"},{\"@type\":\"ListItem\",\"position\":2,\"name\":\"M\u0171v\u00e9szet, ami m\u0171k\u00f6dik! \u2013 avagy hogyan lesz a rajzb\u00f3l karrier?\"}]},{\"@type\":\"WebSite\",\"@id\":\"https:\\\/\\\/3belazirc.hu\\\/wp\\\/#website\",\"url\":\"https:\\\/\\\/3belazirc.hu\\\/wp\\\/\",\"name\":\"III. B\u00e9la Gimn\u00e1zium, M\u0171v\u00e9szeti Szakgimn\u00e1zium \u00e9s AMI\",\"description\":\"8420, Zirc K\u00f6zt\u00e1rsas\u00e1g utca 9. | tel: 88\\\/414-449 | mobil: 06-30-811-3176 | email: 3bela@bela-zirc.edu.hu | www.facebook.com\\\/iiibelazirc www.facebook.com\\\/zircizeneiskola\",\"potentialAction\":[{\"@type\":\"SearchAction\",\"target\":{\"@type\":\"EntryPoint\",\"urlTemplate\":\"https:\\\/\\\/3belazirc.hu\\\/wp\\\/?s={search_term_string}\"},\"query-input\":{\"@type\":\"PropertyValueSpecification\",\"valueRequired\":true,\"valueName\":\"search_term_string\"}}],\"inLanguage\":\"hu\"},{\"@type\":\"Person\",\"@id\":\"https:\\\/\\\/3belazirc.hu\\\/wp\\\/#\\\/schema\\\/person\\\/6f0c73969d88f5abb80e0fcfa21912c5\",\"name\":\"Radics P\u00e9ter\",\"image\":{\"@type\":\"ImageObject\",\"inLanguage\":\"hu\",\"@id\":\"https:\\\/\\\/secure.gravatar.com\\\/avatar\\\/7546a48bbb6268c82e7e07e29f09f5253c4dd44d4a78ad4dac31ec9ff18e81df?s=96&d=mm&r=g\",\"url\":\"https:\\\/\\\/secure.gravatar.com\\\/avatar\\\/7546a48bbb6268c82e7e07e29f09f5253c4dd44d4a78ad4dac31ec9ff18e81df?s=96&d=mm&r=g\",\"contentUrl\":\"https:\\\/\\\/secure.gravatar.com\\\/avatar\\\/7546a48bbb6268c82e7e07e29f09f5253c4dd44d4a78ad4dac31ec9ff18e81df?s=96&d=mm&r=g\",\"caption\":\"Radics P\u00e9ter\"},\"sameAs\":[\"http:\\\/\\\/silentlamb.hu\",\"https:\\\/\\\/www.facebook.com\\\/SilentlambDesign\\\/\",\"https:\\\/\\\/www.instagram.com\\\/d4rksh33p\\\/?hl=hu\",\"https:\\\/\\\/x.com\\\/d4rksh33p\"]}]}<\/script>\n<!-- \/ Yoast SEO plugin. -->","yoast_head_json":{"title":"M\u0171v\u00e9szet, ami m\u0171k\u00f6dik! \u2013 avagy hogyan lesz a rajzb\u00f3l karrier? - III. B\u00e9la Gimn\u00e1zium, M\u0171v\u00e9szeti Szakgimn\u00e1zium \u00e9s Alapfok\u00fa M\u0171v\u00e9szeti Iskola","robots":{"index":"index","follow":"follow","max-snippet":"max-snippet:-1","max-image-preview":"max-image-preview:large","max-video-preview":"max-video-preview:-1"},"canonical":"https:\/\/3belazirc.hu\/wp\/muveszet-ami-mukodik-avagy-hogyan-lesz-a-rajzbol-karrier\/","og_locale":"hu_HU","og_type":"article","og_title":"M\u0171v\u00e9szet, ami m\u0171k\u00f6dik! \u2013 avagy hogyan lesz a rajzb\u00f3l karrier? - III. B\u00e9la Gimn\u00e1zium, M\u0171v\u00e9szeti Szakgimn\u00e1zium \u00e9s Alapfok\u00fa M\u0171v\u00e9szeti Iskola","og_description":"Iskol\u00e1nkban inspir\u00e1l\u00f3 vend\u00e9gel\u0151ad\u00e1st tartott\u00a0Adorj\u00e1n Armand, volt di\u00e1kunk, \u00e9s p\u00e1rja,\u00a0Nagy Vivien, akik szem\u00e9lyes t\u00f6rt\u00e9neteiken \u00e9s saj\u00e1t munk\u00e1ikon kereszt\u00fcl mutatt\u00e1k meg di\u00e1kjainknak, milyen sokf\u00e9le \u00fat vezethet a m\u0171v\u00e9szeti \u00e9s grafikai p\u00e1ly\u00e1k fel\u00e9. Mindk\u00e9t el\u0151ad\u00f3 fiatal alkot\u00f3, m\u00e9gis m\u00e1r komoly szakmai tapasztalattal rendelkeznek. El\u0151ad\u00e1suk sor\u00e1n \u0151szint\u00e9n besz\u00e9ltek arr\u00f3l, hogyan alakult az \u00fatjuk a k\u00f6z\u00e9piskol\u00e1t\u00f3l az egyetemig, majd a...","og_url":"https:\/\/3belazirc.hu\/wp\/muveszet-ami-mukodik-avagy-hogyan-lesz-a-rajzbol-karrier\/","og_site_name":"III. B\u00e9la Gimn\u00e1zium, M\u0171v\u00e9szeti Szakgimn\u00e1zium \u00e9s Alapfok\u00fa M\u0171v\u00e9szeti Iskola","article_publisher":"https:\/\/www.facebook.com\/3belazirc\/","article_author":"https:\/\/www.facebook.com\/SilentlambDesign\/","article_published_time":"2026-01-30T12:23:39+00:00","article_modified_time":"2026-01-30T12:24:35+00:00","og_image":[{"width":2048,"height":1536,"url":"https:\/\/3belazirc.hu\/wp\/wp-content\/uploads\/2026\/01\/82a40fdf-d154-498c-8cc9-f8a1cd96d0af.jpg","type":"image\/jpeg"}],"author":"Radics P\u00e9ter","twitter_card":"summary_large_image","twitter_creator":"@d4rksh33p","twitter_misc":{"Szerz\u0151:":"Radics P\u00e9ter","Becs\u00fclt olvas\u00e1si id\u0151":"2 perc"},"schema":{"@context":"https:\/\/schema.org","@graph":[{"@type":"Article","@id":"https:\/\/3belazirc.hu\/wp\/muveszet-ami-mukodik-avagy-hogyan-lesz-a-rajzbol-karrier\/#article","isPartOf":{"@id":"https:\/\/3belazirc.hu\/wp\/muveszet-ami-mukodik-avagy-hogyan-lesz-a-rajzbol-karrier\/"},"author":{"name":"Radics P\u00e9ter","@id":"https:\/\/3belazirc.hu\/wp\/#\/schema\/person\/6f0c73969d88f5abb80e0fcfa21912c5"},"headline":"M\u0171v\u00e9szet, ami m\u0171k\u00f6dik! \u2013 avagy hogyan lesz a rajzb\u00f3l karrier?","datePublished":"2026-01-30T12:23:39+00:00","dateModified":"2026-01-30T12:24:35+00:00","mainEntityOfPage":{"@id":"https:\/\/3belazirc.hu\/wp\/muveszet-ami-mukodik-avagy-hogyan-lesz-a-rajzbol-karrier\/"},"wordCount":503,"image":{"@id":"https:\/\/3belazirc.hu\/wp\/muveszet-ami-mukodik-avagy-hogyan-lesz-a-rajzbol-karrier\/#primaryimage"},"thumbnailUrl":"https:\/\/3belazirc.hu\/wp\/wp-content\/uploads\/2026\/01\/82a40fdf-d154-498c-8cc9-f8a1cd96d0af.jpg","articleSection":["Bejegyz\u00e9s","Besz\u00e1mol\u00f3"],"inLanguage":"hu"},{"@type":"WebPage","@id":"https:\/\/3belazirc.hu\/wp\/muveszet-ami-mukodik-avagy-hogyan-lesz-a-rajzbol-karrier\/","url":"https:\/\/3belazirc.hu\/wp\/muveszet-ami-mukodik-avagy-hogyan-lesz-a-rajzbol-karrier\/","name":"M\u0171v\u00e9szet, ami m\u0171k\u00f6dik! \u2013 avagy hogyan lesz a rajzb\u00f3l karrier? - III. B\u00e9la Gimn\u00e1zium, M\u0171v\u00e9szeti Szakgimn\u00e1zium \u00e9s Alapfok\u00fa M\u0171v\u00e9szeti Iskola","isPartOf":{"@id":"https:\/\/3belazirc.hu\/wp\/#website"},"primaryImageOfPage":{"@id":"https:\/\/3belazirc.hu\/wp\/muveszet-ami-mukodik-avagy-hogyan-lesz-a-rajzbol-karrier\/#primaryimage"},"image":{"@id":"https:\/\/3belazirc.hu\/wp\/muveszet-ami-mukodik-avagy-hogyan-lesz-a-rajzbol-karrier\/#primaryimage"},"thumbnailUrl":"https:\/\/3belazirc.hu\/wp\/wp-content\/uploads\/2026\/01\/82a40fdf-d154-498c-8cc9-f8a1cd96d0af.jpg","datePublished":"2026-01-30T12:23:39+00:00","dateModified":"2026-01-30T12:24:35+00:00","author":{"@id":"https:\/\/3belazirc.hu\/wp\/#\/schema\/person\/6f0c73969d88f5abb80e0fcfa21912c5"},"breadcrumb":{"@id":"https:\/\/3belazirc.hu\/wp\/muveszet-ami-mukodik-avagy-hogyan-lesz-a-rajzbol-karrier\/#breadcrumb"},"inLanguage":"hu","potentialAction":[{"@type":"ReadAction","target":["https:\/\/3belazirc.hu\/wp\/muveszet-ami-mukodik-avagy-hogyan-lesz-a-rajzbol-karrier\/"]}]},{"@type":"ImageObject","inLanguage":"hu","@id":"https:\/\/3belazirc.hu\/wp\/muveszet-ami-mukodik-avagy-hogyan-lesz-a-rajzbol-karrier\/#primaryimage","url":"https:\/\/3belazirc.hu\/wp\/wp-content\/uploads\/2026\/01\/82a40fdf-d154-498c-8cc9-f8a1cd96d0af.jpg","contentUrl":"https:\/\/3belazirc.hu\/wp\/wp-content\/uploads\/2026\/01\/82a40fdf-d154-498c-8cc9-f8a1cd96d0af.jpg","width":2048,"height":1536},{"@type":"BreadcrumbList","@id":"https:\/\/3belazirc.hu\/wp\/muveszet-ami-mukodik-avagy-hogyan-lesz-a-rajzbol-karrier\/#breadcrumb","itemListElement":[{"@type":"ListItem","position":1,"name":"Home","item":"https:\/\/3belazirc.hu\/wp\/"},{"@type":"ListItem","position":2,"name":"M\u0171v\u00e9szet, ami m\u0171k\u00f6dik! \u2013 avagy hogyan lesz a rajzb\u00f3l karrier?"}]},{"@type":"WebSite","@id":"https:\/\/3belazirc.hu\/wp\/#website","url":"https:\/\/3belazirc.hu\/wp\/","name":"III. B\u00e9la Gimn\u00e1zium, M\u0171v\u00e9szeti Szakgimn\u00e1zium \u00e9s AMI","description":"8420, Zirc K\u00f6zt\u00e1rsas\u00e1g utca 9. | tel: 88\/414-449 | mobil: 06-30-811-3176 | email: 3bela@bela-zirc.edu.hu | www.facebook.com\/iiibelazirc www.facebook.com\/zircizeneiskola","potentialAction":[{"@type":"SearchAction","target":{"@type":"EntryPoint","urlTemplate":"https:\/\/3belazirc.hu\/wp\/?s={search_term_string}"},"query-input":{"@type":"PropertyValueSpecification","valueRequired":true,"valueName":"search_term_string"}}],"inLanguage":"hu"},{"@type":"Person","@id":"https:\/\/3belazirc.hu\/wp\/#\/schema\/person\/6f0c73969d88f5abb80e0fcfa21912c5","name":"Radics P\u00e9ter","image":{"@type":"ImageObject","inLanguage":"hu","@id":"https:\/\/secure.gravatar.com\/avatar\/7546a48bbb6268c82e7e07e29f09f5253c4dd44d4a78ad4dac31ec9ff18e81df?s=96&d=mm&r=g","url":"https:\/\/secure.gravatar.com\/avatar\/7546a48bbb6268c82e7e07e29f09f5253c4dd44d4a78ad4dac31ec9ff18e81df?s=96&d=mm&r=g","contentUrl":"https:\/\/secure.gravatar.com\/avatar\/7546a48bbb6268c82e7e07e29f09f5253c4dd44d4a78ad4dac31ec9ff18e81df?s=96&d=mm&r=g","caption":"Radics P\u00e9ter"},"sameAs":["http:\/\/silentlamb.hu","https:\/\/www.facebook.com\/SilentlambDesign\/","https:\/\/www.instagram.com\/d4rksh33p\/?hl=hu","https:\/\/x.com\/d4rksh33p"]}]}},"publishpress_future_action":{"enabled":false,"date":"2026-05-03 09:30:44","action":"change-status","newStatus":"draft","terms":[],"taxonomy":"category","extraData":[]},"publishpress_future_workflow_manual_trigger":{"enabledWorkflows":[]},"_links":{"self":[{"href":"https:\/\/3belazirc.hu\/wp\/wp-json\/wp\/v2\/posts\/12434","targetHints":{"allow":["GET"]}}],"collection":[{"href":"https:\/\/3belazirc.hu\/wp\/wp-json\/wp\/v2\/posts"}],"about":[{"href":"https:\/\/3belazirc.hu\/wp\/wp-json\/wp\/v2\/types\/post"}],"author":[{"embeddable":true,"href":"https:\/\/3belazirc.hu\/wp\/wp-json\/wp\/v2\/users\/1"}],"replies":[{"embeddable":true,"href":"https:\/\/3belazirc.hu\/wp\/wp-json\/wp\/v2\/comments?post=12434"}],"version-history":[{"count":2,"href":"https:\/\/3belazirc.hu\/wp\/wp-json\/wp\/v2\/posts\/12434\/revisions"}],"predecessor-version":[{"id":12448,"href":"https:\/\/3belazirc.hu\/wp\/wp-json\/wp\/v2\/posts\/12434\/revisions\/12448"}],"wp:featuredmedia":[{"embeddable":true,"href":"https:\/\/3belazirc.hu\/wp\/wp-json\/wp\/v2\/media\/12435"}],"wp:attachment":[{"href":"https:\/\/3belazirc.hu\/wp\/wp-json\/wp\/v2\/media?parent=12434"}],"wp:term":[{"taxonomy":"category","embeddable":true,"href":"https:\/\/3belazirc.hu\/wp\/wp-json\/wp\/v2\/categories?post=12434"},{"taxonomy":"post_tag","embeddable":true,"href":"https:\/\/3belazirc.hu\/wp\/wp-json\/wp\/v2\/tags?post=12434"}],"curies":[{"name":"wp","href":"https:\/\/api.w.org\/{rel}","templated":true}]}}