{"id":6357,"date":"2019-09-25T08:33:34","date_gmt":"2019-09-25T06:33:34","guid":{"rendered":"http:\/\/3belazirc.hu\/wp\/?p=6357"},"modified":"2019-09-25T08:33:34","modified_gmt":"2019-09-25T06:33:34","slug":"lelek-vagyok-elni-szeretnek","status":"publish","type":"post","link":"https:\/\/3belazirc.hu\/wp\/lelek-vagyok-elni-szeretnek\/","title":{"rendered":"\u201eL\u00e9lek vagyok. \u00c9lni szeretn\u00e9k!\u201d"},"content":{"rendered":"<p>2019-ben eml\u00e9kez\u00fcnk Radn\u00f3ti Mikl\u00f3s sz\u00fclet\u00e9s\u00e9nek 110. \u00e9s hal\u00e1l\u00e1nak 75. \u00e9vfordul\u00f3j\u00e1ra.<br \/>\nEbb\u0151l az alkalomb\u00f3l kis fakult\u00e1ci\u00f3s csoportommal az er\u0151ltetett menet utols\u00f3 k\u00e9t napj\u00e1nak nyom\u00e1ba eredt\u00fcnk. Megl\u00e1togattuk a Pannonhalm\u00e1n tal\u00e1lhat\u00f3 eml\u00e9khelyet, amelyet az egykori t\u00e9glagy\u00e1r ter\u00fclet\u00e9n \u00e1ll\u00edtottak fel. Itt t\u00f6lt\u00f6tte ugyanis Radn\u00f3ti utols\u00f3 \u00e9jszak\u00e1j\u00e1t. A k\u00f6lt\u0151 ekkorra m\u00e1r olyannyira elgy\u00f6t\u00f6rt \u00e1llapotban volt, hogy t\u00e1rsai egy meleg kemenc\u00e9be helyezt\u00e9k \u0151t el. Az eml\u00e9khely ezt az utols\u00f3 \u00e9jszak\u00e1t imit\u00e1lja. Majd tisztelet\u00fcnket tett\u00fck az 1-es f\u0151\u00fat ment\u00e9n tal\u00e1lhat\u00f3 Melocco Mikl\u00f3s szoborn\u00e1l. Kir\u00e1ndul\u00e1sunk legmeghat\u00f3bb helysz\u00edne a R\u00e1bca partj\u00e1n tal\u00e1lhat\u00f3 abdai Radn\u00f3ti-eml\u00e9khely volt, ahol 21 t\u00e1rs\u00e1val egy\u00fctt k\u00f6z\u00f6s s\u00edrba l\u0151tt\u00e9k a k\u00f6lt\u0151t. Itt mindannyian felolvastunk egy-egy Radn\u00f3ti-verset, megkoszor\u00faztuk az eml\u00e9khelyet, zsid\u00f3 szok\u00e1s szerint egy-egy k\u00f6vet helyezt\u00fcnk a virtu\u00e1lis s\u00edrra, majd k\u00f6z\u00f6sen elszavaltuk a Nem tudhatom c\u00edm\u0171 verset.<\/p>\n<div id='gallery-1' class='gallery galleryid-6357 gallery-columns-3 gallery-size-medium'><figure class='gallery-item'>\n\t\t\t<div class='gallery-icon landscape'>\n\t\t\t\t<a href='https:\/\/3belazirc.hu\/wp\/wp-content\/uploads\/2019\/09\/IMG_20190924_124606.jpg' title=\"IMG_20190924_124606\" data-rl_title=\"IMG_20190924_124606\" class=\"rl-gallery-link\" data-rl_caption=\"\" data-rel=\"lightbox-gallery-1\"><img decoding=\"async\" width=\"300\" height=\"225\" src=\"https:\/\/3belazirc.hu\/wp\/wp-content\/uploads\/2019\/09\/IMG_20190924_124606-300x225.jpg\" class=\"attachment-medium size-medium\" alt=\"\" srcset=\"https:\/\/3belazirc.hu\/wp\/wp-content\/uploads\/2019\/09\/IMG_20190924_124606-300x225.jpg 300w, https:\/\/3belazirc.hu\/wp\/wp-content\/uploads\/2019\/09\/IMG_20190924_124606-768x576.jpg 768w, https:\/\/3belazirc.hu\/wp\/wp-content\/uploads\/2019\/09\/IMG_20190924_124606-700x525.jpg 700w, https:\/\/3belazirc.hu\/wp\/wp-content\/uploads\/2019\/09\/IMG_20190924_124606-640x480.jpg 640w, https:\/\/3belazirc.hu\/wp\/wp-content\/uploads\/2019\/09\/IMG_20190924_124606-800x600.jpg 800w, https:\/\/3belazirc.hu\/wp\/wp-content\/uploads\/2019\/09\/IMG_20190924_124606-80x60.jpg 80w, https:\/\/3belazirc.hu\/wp\/wp-content\/uploads\/2019\/09\/IMG_20190924_124606.jpg 1024w\" sizes=\"(max-width: 300px) 100vw, 300px\" \/><\/a>\n\t\t\t<\/div><\/figure><figure class='gallery-item'>\n\t\t\t<div class='gallery-icon landscape'>\n\t\t\t\t<a href='https:\/\/3belazirc.hu\/wp\/wp-content\/uploads\/2019\/09\/IMG_20190924_124529.jpg' title=\"IMG_20190924_124529\" data-rl_title=\"IMG_20190924_124529\" class=\"rl-gallery-link\" data-rl_caption=\"\" data-rel=\"lightbox-gallery-1\"><img decoding=\"async\" width=\"300\" height=\"225\" src=\"https:\/\/3belazirc.hu\/wp\/wp-content\/uploads\/2019\/09\/IMG_20190924_124529-300x225.jpg\" class=\"attachment-medium size-medium\" alt=\"\" srcset=\"https:\/\/3belazirc.hu\/wp\/wp-content\/uploads\/2019\/09\/IMG_20190924_124529-300x225.jpg 300w, https:\/\/3belazirc.hu\/wp\/wp-content\/uploads\/2019\/09\/IMG_20190924_124529-768x576.jpg 768w, https:\/\/3belazirc.hu\/wp\/wp-content\/uploads\/2019\/09\/IMG_20190924_124529-700x525.jpg 700w, https:\/\/3belazirc.hu\/wp\/wp-content\/uploads\/2019\/09\/IMG_20190924_124529-640x480.jpg 640w, https:\/\/3belazirc.hu\/wp\/wp-content\/uploads\/2019\/09\/IMG_20190924_124529-800x600.jpg 800w, https:\/\/3belazirc.hu\/wp\/wp-content\/uploads\/2019\/09\/IMG_20190924_124529-80x60.jpg 80w, https:\/\/3belazirc.hu\/wp\/wp-content\/uploads\/2019\/09\/IMG_20190924_124529.jpg 1024w\" sizes=\"(max-width: 300px) 100vw, 300px\" \/><\/a>\n\t\t\t<\/div><\/figure><figure class='gallery-item'>\n\t\t\t<div class='gallery-icon landscape'>\n\t\t\t\t<a href='https:\/\/3belazirc.hu\/wp\/wp-content\/uploads\/2019\/09\/IMG_20190924_124455.jpg' title=\"fbt\" data-rl_title=\"fbt\" class=\"rl-gallery-link\" data-rl_caption=\"\" data-rel=\"lightbox-gallery-1\"><img decoding=\"async\" width=\"300\" height=\"225\" src=\"https:\/\/3belazirc.hu\/wp\/wp-content\/uploads\/2019\/09\/IMG_20190924_124455-300x225.jpg\" class=\"attachment-medium size-medium\" alt=\"\" srcset=\"https:\/\/3belazirc.hu\/wp\/wp-content\/uploads\/2019\/09\/IMG_20190924_124455-300x225.jpg 300w, https:\/\/3belazirc.hu\/wp\/wp-content\/uploads\/2019\/09\/IMG_20190924_124455-768x576.jpg 768w, https:\/\/3belazirc.hu\/wp\/wp-content\/uploads\/2019\/09\/IMG_20190924_124455-700x525.jpg 700w, https:\/\/3belazirc.hu\/wp\/wp-content\/uploads\/2019\/09\/IMG_20190924_124455-640x480.jpg 640w, https:\/\/3belazirc.hu\/wp\/wp-content\/uploads\/2019\/09\/IMG_20190924_124455-800x600.jpg 800w, https:\/\/3belazirc.hu\/wp\/wp-content\/uploads\/2019\/09\/IMG_20190924_124455-80x60.jpg 80w, https:\/\/3belazirc.hu\/wp\/wp-content\/uploads\/2019\/09\/IMG_20190924_124455.jpg 1024w\" sizes=\"(max-width: 300px) 100vw, 300px\" \/><\/a>\n\t\t\t<\/div><\/figure>\n\t\t<\/div>\n\n<p>Horv\u00e1th Zsuzsanna<br \/>\nmagyartan\u00e1r<\/p>\n<p>&nbsp;<\/p>\n","protected":false},"excerpt":{"rendered":"<p>2019-ben eml\u00e9kez\u00fcnk Radn\u00f3ti Mikl\u00f3s sz\u00fclet\u00e9s\u00e9nek 110. \u00e9s hal\u00e1l\u00e1nak 75. \u00e9vfordul\u00f3j\u00e1ra. Ebb\u0151l az alkalomb\u00f3l kis fakult\u00e1ci\u00f3s csoportommal az er\u0151ltetett menet utols\u00f3 k\u00e9t napj\u00e1nak nyom\u00e1ba eredt\u00fcnk. Megl\u00e1togattuk a Pannonhalm\u00e1n tal\u00e1lhat\u00f3 eml\u00e9khelyet, amelyet az egykori t\u00e9glagy\u00e1r ter\u00fclet\u00e9n \u00e1ll\u00edtottak fel. Itt t\u00f6lt\u00f6tte ugyanis Radn\u00f3ti utols\u00f3 \u00e9jszak\u00e1j\u00e1t. A k\u00f6lt\u0151 ekkorra m\u00e1r olyannyira elgy\u00f6t\u00f6rt \u00e1llapotban volt, hogy t\u00e1rsai egy meleg kemenc\u00e9be&#8230;<\/p>\n","protected":false},"author":1,"featured_media":6360,"comment_status":"closed","ping_status":"open","sticky":false,"template":"","format":"standard","meta":{"_crdt_document":"","footnotes":""},"categories":[16,169],"tags":[],"class_list":["post-6357","post","type-post","status-publish","format-standard","has-post-thumbnail","hentry","category-szoveg","category-beszamolo"],"yoast_head":"<!-- This site is optimized with the Yoast SEO plugin v27.4 - https:\/\/yoast.com\/product\/yoast-seo-wordpress\/ -->\n<title>\u201eL\u00e9lek vagyok. \u00c9lni szeretn\u00e9k!\u201d - III. B\u00e9la Gimn\u00e1zium, M\u0171v\u00e9szeti Szakgimn\u00e1zium \u00e9s Alapfok\u00fa M\u0171v\u00e9szeti Iskola<\/title>\n<meta name=\"robots\" content=\"index, follow, max-snippet:-1, max-image-preview:large, max-video-preview:-1\" \/>\n<link rel=\"canonical\" href=\"https:\/\/3belazirc.hu\/wp\/lelek-vagyok-elni-szeretnek\/\" \/>\n<meta property=\"og:locale\" content=\"hu_HU\" \/>\n<meta property=\"og:type\" content=\"article\" \/>\n<meta property=\"og:title\" content=\"\u201eL\u00e9lek vagyok. \u00c9lni szeretn\u00e9k!\u201d - III. B\u00e9la Gimn\u00e1zium, M\u0171v\u00e9szeti Szakgimn\u00e1zium \u00e9s Alapfok\u00fa M\u0171v\u00e9szeti Iskola\" \/>\n<meta property=\"og:description\" content=\"2019-ben eml\u00e9kez\u00fcnk Radn\u00f3ti Mikl\u00f3s sz\u00fclet\u00e9s\u00e9nek 110. \u00e9s hal\u00e1l\u00e1nak 75. \u00e9vfordul\u00f3j\u00e1ra. Ebb\u0151l az alkalomb\u00f3l kis fakult\u00e1ci\u00f3s csoportommal az er\u0151ltetett menet utols\u00f3 k\u00e9t napj\u00e1nak nyom\u00e1ba eredt\u00fcnk. Megl\u00e1togattuk a Pannonhalm\u00e1n tal\u00e1lhat\u00f3 eml\u00e9khelyet, amelyet az egykori t\u00e9glagy\u00e1r ter\u00fclet\u00e9n \u00e1ll\u00edtottak fel. Itt t\u00f6lt\u00f6tte ugyanis Radn\u00f3ti utols\u00f3 \u00e9jszak\u00e1j\u00e1t. A k\u00f6lt\u0151 ekkorra m\u00e1r olyannyira elgy\u00f6t\u00f6rt \u00e1llapotban volt, hogy t\u00e1rsai egy meleg kemenc\u00e9be...\" \/>\n<meta property=\"og:url\" content=\"https:\/\/3belazirc.hu\/wp\/lelek-vagyok-elni-szeretnek\/\" \/>\n<meta property=\"og:site_name\" content=\"III. B\u00e9la Gimn\u00e1zium, M\u0171v\u00e9szeti Szakgimn\u00e1zium \u00e9s Alapfok\u00fa M\u0171v\u00e9szeti Iskola\" \/>\n<meta property=\"article:publisher\" content=\"https:\/\/www.facebook.com\/3belazirc\/\" \/>\n<meta property=\"article:author\" content=\"https:\/\/www.facebook.com\/SilentlambDesign\/\" \/>\n<meta property=\"article:published_time\" content=\"2019-09-25T06:33:34+00:00\" \/>\n<meta property=\"og:image\" content=\"https:\/\/3belazirc.hu\/wp\/wp-content\/uploads\/2019\/09\/IMG_20190924_124606.jpg\" \/>\n\t<meta property=\"og:image:width\" content=\"1024\" \/>\n\t<meta property=\"og:image:height\" content=\"768\" \/>\n\t<meta property=\"og:image:type\" content=\"image\/jpeg\" \/>\n<meta name=\"author\" content=\"Radics P\u00e9ter\" \/>\n<meta name=\"twitter:card\" content=\"summary_large_image\" \/>\n<meta name=\"twitter:creator\" content=\"@d4rksh33p\" \/>\n<meta name=\"twitter:label1\" content=\"Szerz\u0151:\" \/>\n\t<meta name=\"twitter:data1\" content=\"Radics P\u00e9ter\" \/>\n\t<meta name=\"twitter:label2\" content=\"Becs\u00fclt olvas\u00e1si id\u0151\" \/>\n\t<meta name=\"twitter:data2\" content=\"1 perc\" \/>\n<script type=\"application\/ld+json\" class=\"yoast-schema-graph\">{\"@context\":\"https:\\\/\\\/schema.org\",\"@graph\":[{\"@type\":\"Article\",\"@id\":\"https:\\\/\\\/3belazirc.hu\\\/wp\\\/lelek-vagyok-elni-szeretnek\\\/#article\",\"isPartOf\":{\"@id\":\"https:\\\/\\\/3belazirc.hu\\\/wp\\\/lelek-vagyok-elni-szeretnek\\\/\"},\"author\":{\"name\":\"Radics P\u00e9ter\",\"@id\":\"https:\\\/\\\/3belazirc.hu\\\/wp\\\/#\\\/schema\\\/person\\\/6f0c73969d88f5abb80e0fcfa21912c5\"},\"headline\":\"\u201eL\u00e9lek vagyok. \u00c9lni szeretn\u00e9k!\u201d\",\"datePublished\":\"2019-09-25T06:33:34+00:00\",\"mainEntityOfPage\":{\"@id\":\"https:\\\/\\\/3belazirc.hu\\\/wp\\\/lelek-vagyok-elni-szeretnek\\\/\"},\"wordCount\":218,\"image\":{\"@id\":\"https:\\\/\\\/3belazirc.hu\\\/wp\\\/lelek-vagyok-elni-szeretnek\\\/#primaryimage\"},\"thumbnailUrl\":\"https:\\\/\\\/3belazirc.hu\\\/wp\\\/wp-content\\\/uploads\\\/2019\\\/09\\\/IMG_20190924_124606.jpg\",\"articleSection\":[\"Bejegyz\u00e9s\",\"Besz\u00e1mol\u00f3\"],\"inLanguage\":\"hu\"},{\"@type\":\"WebPage\",\"@id\":\"https:\\\/\\\/3belazirc.hu\\\/wp\\\/lelek-vagyok-elni-szeretnek\\\/\",\"url\":\"https:\\\/\\\/3belazirc.hu\\\/wp\\\/lelek-vagyok-elni-szeretnek\\\/\",\"name\":\"\u201eL\u00e9lek vagyok. \u00c9lni szeretn\u00e9k!\u201d - III. B\u00e9la Gimn\u00e1zium, M\u0171v\u00e9szeti Szakgimn\u00e1zium \u00e9s Alapfok\u00fa M\u0171v\u00e9szeti Iskola\",\"isPartOf\":{\"@id\":\"https:\\\/\\\/3belazirc.hu\\\/wp\\\/#website\"},\"primaryImageOfPage\":{\"@id\":\"https:\\\/\\\/3belazirc.hu\\\/wp\\\/lelek-vagyok-elni-szeretnek\\\/#primaryimage\"},\"image\":{\"@id\":\"https:\\\/\\\/3belazirc.hu\\\/wp\\\/lelek-vagyok-elni-szeretnek\\\/#primaryimage\"},\"thumbnailUrl\":\"https:\\\/\\\/3belazirc.hu\\\/wp\\\/wp-content\\\/uploads\\\/2019\\\/09\\\/IMG_20190924_124606.jpg\",\"datePublished\":\"2019-09-25T06:33:34+00:00\",\"author\":{\"@id\":\"https:\\\/\\\/3belazirc.hu\\\/wp\\\/#\\\/schema\\\/person\\\/6f0c73969d88f5abb80e0fcfa21912c5\"},\"breadcrumb\":{\"@id\":\"https:\\\/\\\/3belazirc.hu\\\/wp\\\/lelek-vagyok-elni-szeretnek\\\/#breadcrumb\"},\"inLanguage\":\"hu\",\"potentialAction\":[{\"@type\":\"ReadAction\",\"target\":[\"https:\\\/\\\/3belazirc.hu\\\/wp\\\/lelek-vagyok-elni-szeretnek\\\/\"]}]},{\"@type\":\"ImageObject\",\"inLanguage\":\"hu\",\"@id\":\"https:\\\/\\\/3belazirc.hu\\\/wp\\\/lelek-vagyok-elni-szeretnek\\\/#primaryimage\",\"url\":\"https:\\\/\\\/3belazirc.hu\\\/wp\\\/wp-content\\\/uploads\\\/2019\\\/09\\\/IMG_20190924_124606.jpg\",\"contentUrl\":\"https:\\\/\\\/3belazirc.hu\\\/wp\\\/wp-content\\\/uploads\\\/2019\\\/09\\\/IMG_20190924_124606.jpg\",\"width\":1024,\"height\":768},{\"@type\":\"BreadcrumbList\",\"@id\":\"https:\\\/\\\/3belazirc.hu\\\/wp\\\/lelek-vagyok-elni-szeretnek\\\/#breadcrumb\",\"itemListElement\":[{\"@type\":\"ListItem\",\"position\":1,\"name\":\"Home\",\"item\":\"https:\\\/\\\/3belazirc.hu\\\/wp\\\/\"},{\"@type\":\"ListItem\",\"position\":2,\"name\":\"\u201eL\u00e9lek vagyok. \u00c9lni szeretn\u00e9k!\u201d\"}]},{\"@type\":\"WebSite\",\"@id\":\"https:\\\/\\\/3belazirc.hu\\\/wp\\\/#website\",\"url\":\"https:\\\/\\\/3belazirc.hu\\\/wp\\\/\",\"name\":\"III. B\u00e9la Gimn\u00e1zium, M\u0171v\u00e9szeti Szakgimn\u00e1zium \u00e9s AMI\",\"description\":\"8420, Zirc K\u00f6zt\u00e1rsas\u00e1g utca 9. | tel: 88\\\/414-449 | mobil: 06-30-811-3176 | email: 3bela@bela-zirc.edu.hu | www.facebook.com\\\/iiibelazirc www.facebook.com\\\/zircizeneiskola\",\"potentialAction\":[{\"@type\":\"SearchAction\",\"target\":{\"@type\":\"EntryPoint\",\"urlTemplate\":\"https:\\\/\\\/3belazirc.hu\\\/wp\\\/?s={search_term_string}\"},\"query-input\":{\"@type\":\"PropertyValueSpecification\",\"valueRequired\":true,\"valueName\":\"search_term_string\"}}],\"inLanguage\":\"hu\"},{\"@type\":\"Person\",\"@id\":\"https:\\\/\\\/3belazirc.hu\\\/wp\\\/#\\\/schema\\\/person\\\/6f0c73969d88f5abb80e0fcfa21912c5\",\"name\":\"Radics P\u00e9ter\",\"image\":{\"@type\":\"ImageObject\",\"inLanguage\":\"hu\",\"@id\":\"https:\\\/\\\/secure.gravatar.com\\\/avatar\\\/7546a48bbb6268c82e7e07e29f09f5253c4dd44d4a78ad4dac31ec9ff18e81df?s=96&d=mm&r=g\",\"url\":\"https:\\\/\\\/secure.gravatar.com\\\/avatar\\\/7546a48bbb6268c82e7e07e29f09f5253c4dd44d4a78ad4dac31ec9ff18e81df?s=96&d=mm&r=g\",\"contentUrl\":\"https:\\\/\\\/secure.gravatar.com\\\/avatar\\\/7546a48bbb6268c82e7e07e29f09f5253c4dd44d4a78ad4dac31ec9ff18e81df?s=96&d=mm&r=g\",\"caption\":\"Radics P\u00e9ter\"},\"sameAs\":[\"http:\\\/\\\/silentlamb.hu\",\"https:\\\/\\\/www.facebook.com\\\/SilentlambDesign\\\/\",\"https:\\\/\\\/www.instagram.com\\\/d4rksh33p\\\/?hl=hu\",\"https:\\\/\\\/x.com\\\/d4rksh33p\"]}]}<\/script>\n<!-- \/ Yoast SEO plugin. -->","yoast_head_json":{"title":"\u201eL\u00e9lek vagyok. \u00c9lni szeretn\u00e9k!\u201d - III. B\u00e9la Gimn\u00e1zium, M\u0171v\u00e9szeti Szakgimn\u00e1zium \u00e9s Alapfok\u00fa M\u0171v\u00e9szeti Iskola","robots":{"index":"index","follow":"follow","max-snippet":"max-snippet:-1","max-image-preview":"max-image-preview:large","max-video-preview":"max-video-preview:-1"},"canonical":"https:\/\/3belazirc.hu\/wp\/lelek-vagyok-elni-szeretnek\/","og_locale":"hu_HU","og_type":"article","og_title":"\u201eL\u00e9lek vagyok. \u00c9lni szeretn\u00e9k!\u201d - III. B\u00e9la Gimn\u00e1zium, M\u0171v\u00e9szeti Szakgimn\u00e1zium \u00e9s Alapfok\u00fa M\u0171v\u00e9szeti Iskola","og_description":"2019-ben eml\u00e9kez\u00fcnk Radn\u00f3ti Mikl\u00f3s sz\u00fclet\u00e9s\u00e9nek 110. \u00e9s hal\u00e1l\u00e1nak 75. \u00e9vfordul\u00f3j\u00e1ra. Ebb\u0151l az alkalomb\u00f3l kis fakult\u00e1ci\u00f3s csoportommal az er\u0151ltetett menet utols\u00f3 k\u00e9t napj\u00e1nak nyom\u00e1ba eredt\u00fcnk. Megl\u00e1togattuk a Pannonhalm\u00e1n tal\u00e1lhat\u00f3 eml\u00e9khelyet, amelyet az egykori t\u00e9glagy\u00e1r ter\u00fclet\u00e9n \u00e1ll\u00edtottak fel. Itt t\u00f6lt\u00f6tte ugyanis Radn\u00f3ti utols\u00f3 \u00e9jszak\u00e1j\u00e1t. A k\u00f6lt\u0151 ekkorra m\u00e1r olyannyira elgy\u00f6t\u00f6rt \u00e1llapotban volt, hogy t\u00e1rsai egy meleg kemenc\u00e9be...","og_url":"https:\/\/3belazirc.hu\/wp\/lelek-vagyok-elni-szeretnek\/","og_site_name":"III. B\u00e9la Gimn\u00e1zium, M\u0171v\u00e9szeti Szakgimn\u00e1zium \u00e9s Alapfok\u00fa M\u0171v\u00e9szeti Iskola","article_publisher":"https:\/\/www.facebook.com\/3belazirc\/","article_author":"https:\/\/www.facebook.com\/SilentlambDesign\/","article_published_time":"2019-09-25T06:33:34+00:00","og_image":[{"width":1024,"height":768,"url":"https:\/\/3belazirc.hu\/wp\/wp-content\/uploads\/2019\/09\/IMG_20190924_124606.jpg","type":"image\/jpeg"}],"author":"Radics P\u00e9ter","twitter_card":"summary_large_image","twitter_creator":"@d4rksh33p","twitter_misc":{"Szerz\u0151:":"Radics P\u00e9ter","Becs\u00fclt olvas\u00e1si id\u0151":"1 perc"},"schema":{"@context":"https:\/\/schema.org","@graph":[{"@type":"Article","@id":"https:\/\/3belazirc.hu\/wp\/lelek-vagyok-elni-szeretnek\/#article","isPartOf":{"@id":"https:\/\/3belazirc.hu\/wp\/lelek-vagyok-elni-szeretnek\/"},"author":{"name":"Radics P\u00e9ter","@id":"https:\/\/3belazirc.hu\/wp\/#\/schema\/person\/6f0c73969d88f5abb80e0fcfa21912c5"},"headline":"\u201eL\u00e9lek vagyok. \u00c9lni szeretn\u00e9k!\u201d","datePublished":"2019-09-25T06:33:34+00:00","mainEntityOfPage":{"@id":"https:\/\/3belazirc.hu\/wp\/lelek-vagyok-elni-szeretnek\/"},"wordCount":218,"image":{"@id":"https:\/\/3belazirc.hu\/wp\/lelek-vagyok-elni-szeretnek\/#primaryimage"},"thumbnailUrl":"https:\/\/3belazirc.hu\/wp\/wp-content\/uploads\/2019\/09\/IMG_20190924_124606.jpg","articleSection":["Bejegyz\u00e9s","Besz\u00e1mol\u00f3"],"inLanguage":"hu"},{"@type":"WebPage","@id":"https:\/\/3belazirc.hu\/wp\/lelek-vagyok-elni-szeretnek\/","url":"https:\/\/3belazirc.hu\/wp\/lelek-vagyok-elni-szeretnek\/","name":"\u201eL\u00e9lek vagyok. \u00c9lni szeretn\u00e9k!\u201d - III. B\u00e9la Gimn\u00e1zium, M\u0171v\u00e9szeti Szakgimn\u00e1zium \u00e9s Alapfok\u00fa M\u0171v\u00e9szeti Iskola","isPartOf":{"@id":"https:\/\/3belazirc.hu\/wp\/#website"},"primaryImageOfPage":{"@id":"https:\/\/3belazirc.hu\/wp\/lelek-vagyok-elni-szeretnek\/#primaryimage"},"image":{"@id":"https:\/\/3belazirc.hu\/wp\/lelek-vagyok-elni-szeretnek\/#primaryimage"},"thumbnailUrl":"https:\/\/3belazirc.hu\/wp\/wp-content\/uploads\/2019\/09\/IMG_20190924_124606.jpg","datePublished":"2019-09-25T06:33:34+00:00","author":{"@id":"https:\/\/3belazirc.hu\/wp\/#\/schema\/person\/6f0c73969d88f5abb80e0fcfa21912c5"},"breadcrumb":{"@id":"https:\/\/3belazirc.hu\/wp\/lelek-vagyok-elni-szeretnek\/#breadcrumb"},"inLanguage":"hu","potentialAction":[{"@type":"ReadAction","target":["https:\/\/3belazirc.hu\/wp\/lelek-vagyok-elni-szeretnek\/"]}]},{"@type":"ImageObject","inLanguage":"hu","@id":"https:\/\/3belazirc.hu\/wp\/lelek-vagyok-elni-szeretnek\/#primaryimage","url":"https:\/\/3belazirc.hu\/wp\/wp-content\/uploads\/2019\/09\/IMG_20190924_124606.jpg","contentUrl":"https:\/\/3belazirc.hu\/wp\/wp-content\/uploads\/2019\/09\/IMG_20190924_124606.jpg","width":1024,"height":768},{"@type":"BreadcrumbList","@id":"https:\/\/3belazirc.hu\/wp\/lelek-vagyok-elni-szeretnek\/#breadcrumb","itemListElement":[{"@type":"ListItem","position":1,"name":"Home","item":"https:\/\/3belazirc.hu\/wp\/"},{"@type":"ListItem","position":2,"name":"\u201eL\u00e9lek vagyok. \u00c9lni szeretn\u00e9k!\u201d"}]},{"@type":"WebSite","@id":"https:\/\/3belazirc.hu\/wp\/#website","url":"https:\/\/3belazirc.hu\/wp\/","name":"III. B\u00e9la Gimn\u00e1zium, M\u0171v\u00e9szeti Szakgimn\u00e1zium \u00e9s AMI","description":"8420, Zirc K\u00f6zt\u00e1rsas\u00e1g utca 9. | tel: 88\/414-449 | mobil: 06-30-811-3176 | email: 3bela@bela-zirc.edu.hu | www.facebook.com\/iiibelazirc www.facebook.com\/zircizeneiskola","potentialAction":[{"@type":"SearchAction","target":{"@type":"EntryPoint","urlTemplate":"https:\/\/3belazirc.hu\/wp\/?s={search_term_string}"},"query-input":{"@type":"PropertyValueSpecification","valueRequired":true,"valueName":"search_term_string"}}],"inLanguage":"hu"},{"@type":"Person","@id":"https:\/\/3belazirc.hu\/wp\/#\/schema\/person\/6f0c73969d88f5abb80e0fcfa21912c5","name":"Radics P\u00e9ter","image":{"@type":"ImageObject","inLanguage":"hu","@id":"https:\/\/secure.gravatar.com\/avatar\/7546a48bbb6268c82e7e07e29f09f5253c4dd44d4a78ad4dac31ec9ff18e81df?s=96&d=mm&r=g","url":"https:\/\/secure.gravatar.com\/avatar\/7546a48bbb6268c82e7e07e29f09f5253c4dd44d4a78ad4dac31ec9ff18e81df?s=96&d=mm&r=g","contentUrl":"https:\/\/secure.gravatar.com\/avatar\/7546a48bbb6268c82e7e07e29f09f5253c4dd44d4a78ad4dac31ec9ff18e81df?s=96&d=mm&r=g","caption":"Radics P\u00e9ter"},"sameAs":["http:\/\/silentlamb.hu","https:\/\/www.facebook.com\/SilentlambDesign\/","https:\/\/www.instagram.com\/d4rksh33p\/?hl=hu","https:\/\/x.com\/d4rksh33p"]}]}},"publishpress_future_action":{"enabled":false,"date":"2026-05-06 13:37:07","action":"change-status","newStatus":"draft","terms":[],"taxonomy":"category","extraData":[]},"publishpress_future_workflow_manual_trigger":{"enabledWorkflows":[]},"_links":{"self":[{"href":"https:\/\/3belazirc.hu\/wp\/wp-json\/wp\/v2\/posts\/6357","targetHints":{"allow":["GET"]}}],"collection":[{"href":"https:\/\/3belazirc.hu\/wp\/wp-json\/wp\/v2\/posts"}],"about":[{"href":"https:\/\/3belazirc.hu\/wp\/wp-json\/wp\/v2\/types\/post"}],"author":[{"embeddable":true,"href":"https:\/\/3belazirc.hu\/wp\/wp-json\/wp\/v2\/users\/1"}],"replies":[{"embeddable":true,"href":"https:\/\/3belazirc.hu\/wp\/wp-json\/wp\/v2\/comments?post=6357"}],"version-history":[{"count":1,"href":"https:\/\/3belazirc.hu\/wp\/wp-json\/wp\/v2\/posts\/6357\/revisions"}],"predecessor-version":[{"id":6361,"href":"https:\/\/3belazirc.hu\/wp\/wp-json\/wp\/v2\/posts\/6357\/revisions\/6361"}],"wp:featuredmedia":[{"embeddable":true,"href":"https:\/\/3belazirc.hu\/wp\/wp-json\/wp\/v2\/media\/6360"}],"wp:attachment":[{"href":"https:\/\/3belazirc.hu\/wp\/wp-json\/wp\/v2\/media?parent=6357"}],"wp:term":[{"taxonomy":"category","embeddable":true,"href":"https:\/\/3belazirc.hu\/wp\/wp-json\/wp\/v2\/categories?post=6357"},{"taxonomy":"post_tag","embeddable":true,"href":"https:\/\/3belazirc.hu\/wp\/wp-json\/wp\/v2\/tags?post=6357"}],"curies":[{"name":"wp","href":"https:\/\/api.w.org\/{rel}","templated":true}]}}