{"id":8085,"date":"2021-05-31T15:08:31","date_gmt":"2021-05-31T13:08:31","guid":{"rendered":"https:\/\/3belazirc.hu\/wp\/?p=8085"},"modified":"2021-05-31T15:11:36","modified_gmt":"2021-05-31T13:11:36","slug":"veszprem-megyei-rendorkapitanysag-majusi-hirlevel","status":"publish","type":"post","link":"https:\/\/3belazirc.hu\/wp\/veszprem-megyei-rendorkapitanysag-majusi-hirlevel\/","title":{"rendered":"Veszpr\u00e9m Megyei Rend\u0151rkapit\u00e1nys\u00e1g m\u00e1jusi h\u00edrlev\u00e9l"},"content":{"rendered":"<p style=\"font-weight: 400;\">Iskol\u00e1nk di\u00e1kjainak nyertes p\u00e1ly\u00e1zatai megjelentek a Veszpr\u00e9mi Rend\u0151rkapit\u00e1nys\u00e1g Megel\u0151z\u00e9si H\u00edrlevel\u00e9ben!<\/p>\n<p style=\"font-weight: 400;\">Gratul\u00e1lunk Nick Zs\u00f3fia 10. A oszt\u00e1lyos tanul\u00f3knak, valamint felk\u00e9sz\u00edt\u0151 tan\u00e1r\u00e1nak, K\u00fasz Katalin tan\u00e1rn\u0151nek!<\/p>\n<p>&nbsp;<\/p>\n<p style=\"font-weight: 400;\"><a href=\"https:\/\/3belazirc.hu\/wp\/wp-content\/uploads\/2021\/05\/Ma\u0301jusi-hi\u0301rleve\u0301l.pdf\" class=\"pdfemb-viewer\" style=\"\" data-width=\"max\" data-height=\"max\" data-toolbar=\"bottom\" data-toolbar-fixed=\"off\">Ma\u0301jusi hi\u0301rleve\u0301l<\/a>\n","protected":false},"excerpt":{"rendered":"<p>Iskol\u00e1nk di\u00e1kjainak nyertes p\u00e1ly\u00e1zatai megjelentek a Veszpr\u00e9mi Rend\u0151rkapit\u00e1nys\u00e1g Megel\u0151z\u00e9si H\u00edrlevel\u00e9ben! Gratul\u00e1lunk Nick Zs\u00f3fia 10. A oszt\u00e1lyos tanul\u00f3knak, valamint felk\u00e9sz\u00edt\u0151 tan\u00e1r\u00e1nak, K\u00fasz Katalin tan\u00e1rn\u0151nek! &nbsp;<\/p>\n","protected":false},"author":1,"featured_media":0,"comment_status":"closed","ping_status":"open","sticky":false,"template":"","format":"standard","meta":{"_crdt_document":"","footnotes":""},"categories":[1],"tags":[],"class_list":["post-8085","post","type-post","status-publish","format-standard","hentry","category-uncategorized"],"yoast_head":"<!-- This site is optimized with the Yoast SEO plugin v27.4 - https:\/\/yoast.com\/product\/yoast-seo-wordpress\/ -->\n<title>Veszpr\u00e9m Megyei Rend\u0151rkapit\u00e1nys\u00e1g m\u00e1jusi h\u00edrlev\u00e9l - III. B\u00e9la Gimn\u00e1zium, M\u0171v\u00e9szeti Szakgimn\u00e1zium \u00e9s Alapfok\u00fa M\u0171v\u00e9szeti Iskola<\/title>\n<meta name=\"robots\" content=\"index, follow, max-snippet:-1, max-image-preview:large, max-video-preview:-1\" \/>\n<link rel=\"canonical\" href=\"https:\/\/3belazirc.hu\/wp\/veszprem-megyei-rendorkapitanysag-majusi-hirlevel\/\" \/>\n<meta property=\"og:locale\" content=\"hu_HU\" \/>\n<meta property=\"og:type\" content=\"article\" \/>\n<meta property=\"og:title\" content=\"Veszpr\u00e9m Megyei Rend\u0151rkapit\u00e1nys\u00e1g m\u00e1jusi h\u00edrlev\u00e9l - III. B\u00e9la Gimn\u00e1zium, M\u0171v\u00e9szeti Szakgimn\u00e1zium \u00e9s Alapfok\u00fa M\u0171v\u00e9szeti Iskola\" \/>\n<meta property=\"og:description\" content=\"Iskol\u00e1nk di\u00e1kjainak nyertes p\u00e1ly\u00e1zatai megjelentek a Veszpr\u00e9mi Rend\u0151rkapit\u00e1nys\u00e1g Megel\u0151z\u00e9si H\u00edrlevel\u00e9ben! Gratul\u00e1lunk Nick Zs\u00f3fia 10. A oszt\u00e1lyos tanul\u00f3knak, valamint felk\u00e9sz\u00edt\u0151 tan\u00e1r\u00e1nak, K\u00fasz Katalin tan\u00e1rn\u0151nek! &nbsp;\" \/>\n<meta property=\"og:url\" content=\"https:\/\/3belazirc.hu\/wp\/veszprem-megyei-rendorkapitanysag-majusi-hirlevel\/\" \/>\n<meta property=\"og:site_name\" content=\"III. B\u00e9la Gimn\u00e1zium, M\u0171v\u00e9szeti Szakgimn\u00e1zium \u00e9s Alapfok\u00fa M\u0171v\u00e9szeti Iskola\" \/>\n<meta property=\"article:publisher\" content=\"https:\/\/www.facebook.com\/3belazirc\/\" \/>\n<meta property=\"article:author\" content=\"https:\/\/www.facebook.com\/SilentlambDesign\/\" \/>\n<meta property=\"article:published_time\" content=\"2021-05-31T13:08:31+00:00\" \/>\n<meta property=\"article:modified_time\" content=\"2021-05-31T13:11:36+00:00\" \/>\n<meta name=\"author\" content=\"Radics P\u00e9ter\" \/>\n<meta name=\"twitter:card\" content=\"summary_large_image\" \/>\n<meta name=\"twitter:creator\" content=\"@d4rksh33p\" \/>\n<meta name=\"twitter:label1\" content=\"Szerz\u0151:\" \/>\n\t<meta name=\"twitter:data1\" content=\"Radics P\u00e9ter\" \/>\n\t<meta name=\"twitter:label2\" content=\"Becs\u00fclt olvas\u00e1si id\u0151\" \/>\n\t<meta name=\"twitter:data2\" content=\"1 perc\" \/>\n<script type=\"application\/ld+json\" class=\"yoast-schema-graph\">{\"@context\":\"https:\\\/\\\/schema.org\",\"@graph\":[{\"@type\":\"Article\",\"@id\":\"https:\\\/\\\/3belazirc.hu\\\/wp\\\/veszprem-megyei-rendorkapitanysag-majusi-hirlevel\\\/#article\",\"isPartOf\":{\"@id\":\"https:\\\/\\\/3belazirc.hu\\\/wp\\\/veszprem-megyei-rendorkapitanysag-majusi-hirlevel\\\/\"},\"author\":{\"name\":\"Radics P\u00e9ter\",\"@id\":\"https:\\\/\\\/3belazirc.hu\\\/wp\\\/#\\\/schema\\\/person\\\/6f0c73969d88f5abb80e0fcfa21912c5\"},\"headline\":\"Veszpr\u00e9m Megyei Rend\u0151rkapit\u00e1nys\u00e1g m\u00e1jusi h\u00edrlev\u00e9l\",\"datePublished\":\"2021-05-31T13:08:31+00:00\",\"dateModified\":\"2021-05-31T13:11:36+00:00\",\"mainEntityOfPage\":{\"@id\":\"https:\\\/\\\/3belazirc.hu\\\/wp\\\/veszprem-megyei-rendorkapitanysag-majusi-hirlevel\\\/\"},\"wordCount\":77,\"articleSection\":[\"Nem kateg\u00f3riz\u00e1lt\"],\"inLanguage\":\"hu\"},{\"@type\":\"WebPage\",\"@id\":\"https:\\\/\\\/3belazirc.hu\\\/wp\\\/veszprem-megyei-rendorkapitanysag-majusi-hirlevel\\\/\",\"url\":\"https:\\\/\\\/3belazirc.hu\\\/wp\\\/veszprem-megyei-rendorkapitanysag-majusi-hirlevel\\\/\",\"name\":\"Veszpr\u00e9m Megyei Rend\u0151rkapit\u00e1nys\u00e1g m\u00e1jusi h\u00edrlev\u00e9l - III. B\u00e9la Gimn\u00e1zium, M\u0171v\u00e9szeti Szakgimn\u00e1zium \u00e9s Alapfok\u00fa M\u0171v\u00e9szeti Iskola\",\"isPartOf\":{\"@id\":\"https:\\\/\\\/3belazirc.hu\\\/wp\\\/#website\"},\"datePublished\":\"2021-05-31T13:08:31+00:00\",\"dateModified\":\"2021-05-31T13:11:36+00:00\",\"author\":{\"@id\":\"https:\\\/\\\/3belazirc.hu\\\/wp\\\/#\\\/schema\\\/person\\\/6f0c73969d88f5abb80e0fcfa21912c5\"},\"breadcrumb\":{\"@id\":\"https:\\\/\\\/3belazirc.hu\\\/wp\\\/veszprem-megyei-rendorkapitanysag-majusi-hirlevel\\\/#breadcrumb\"},\"inLanguage\":\"hu\",\"potentialAction\":[{\"@type\":\"ReadAction\",\"target\":[\"https:\\\/\\\/3belazirc.hu\\\/wp\\\/veszprem-megyei-rendorkapitanysag-majusi-hirlevel\\\/\"]}]},{\"@type\":\"BreadcrumbList\",\"@id\":\"https:\\\/\\\/3belazirc.hu\\\/wp\\\/veszprem-megyei-rendorkapitanysag-majusi-hirlevel\\\/#breadcrumb\",\"itemListElement\":[{\"@type\":\"ListItem\",\"position\":1,\"name\":\"Home\",\"item\":\"https:\\\/\\\/3belazirc.hu\\\/wp\\\/\"},{\"@type\":\"ListItem\",\"position\":2,\"name\":\"Veszpr\u00e9m Megyei Rend\u0151rkapit\u00e1nys\u00e1g m\u00e1jusi h\u00edrlev\u00e9l\"}]},{\"@type\":\"WebSite\",\"@id\":\"https:\\\/\\\/3belazirc.hu\\\/wp\\\/#website\",\"url\":\"https:\\\/\\\/3belazirc.hu\\\/wp\\\/\",\"name\":\"III. B\u00e9la Gimn\u00e1zium, M\u0171v\u00e9szeti Szakgimn\u00e1zium \u00e9s AMI\",\"description\":\"8420, Zirc K\u00f6zt\u00e1rsas\u00e1g utca 9. | tel: 88\\\/414-449 | mobil: 06-30-811-3176 | email: 3bela@bela-zirc.edu.hu | www.facebook.com\\\/iiibelazirc www.facebook.com\\\/zircizeneiskola\",\"potentialAction\":[{\"@type\":\"SearchAction\",\"target\":{\"@type\":\"EntryPoint\",\"urlTemplate\":\"https:\\\/\\\/3belazirc.hu\\\/wp\\\/?s={search_term_string}\"},\"query-input\":{\"@type\":\"PropertyValueSpecification\",\"valueRequired\":true,\"valueName\":\"search_term_string\"}}],\"inLanguage\":\"hu\"},{\"@type\":\"Person\",\"@id\":\"https:\\\/\\\/3belazirc.hu\\\/wp\\\/#\\\/schema\\\/person\\\/6f0c73969d88f5abb80e0fcfa21912c5\",\"name\":\"Radics P\u00e9ter\",\"image\":{\"@type\":\"ImageObject\",\"inLanguage\":\"hu\",\"@id\":\"https:\\\/\\\/secure.gravatar.com\\\/avatar\\\/7546a48bbb6268c82e7e07e29f09f5253c4dd44d4a78ad4dac31ec9ff18e81df?s=96&d=mm&r=g\",\"url\":\"https:\\\/\\\/secure.gravatar.com\\\/avatar\\\/7546a48bbb6268c82e7e07e29f09f5253c4dd44d4a78ad4dac31ec9ff18e81df?s=96&d=mm&r=g\",\"contentUrl\":\"https:\\\/\\\/secure.gravatar.com\\\/avatar\\\/7546a48bbb6268c82e7e07e29f09f5253c4dd44d4a78ad4dac31ec9ff18e81df?s=96&d=mm&r=g\",\"caption\":\"Radics P\u00e9ter\"},\"sameAs\":[\"http:\\\/\\\/silentlamb.hu\",\"https:\\\/\\\/www.facebook.com\\\/SilentlambDesign\\\/\",\"https:\\\/\\\/www.instagram.com\\\/d4rksh33p\\\/?hl=hu\",\"https:\\\/\\\/x.com\\\/d4rksh33p\"]}]}<\/script>\n<!-- \/ Yoast SEO plugin. -->","yoast_head_json":{"title":"Veszpr\u00e9m Megyei Rend\u0151rkapit\u00e1nys\u00e1g m\u00e1jusi h\u00edrlev\u00e9l - III. B\u00e9la Gimn\u00e1zium, M\u0171v\u00e9szeti Szakgimn\u00e1zium \u00e9s Alapfok\u00fa M\u0171v\u00e9szeti Iskola","robots":{"index":"index","follow":"follow","max-snippet":"max-snippet:-1","max-image-preview":"max-image-preview:large","max-video-preview":"max-video-preview:-1"},"canonical":"https:\/\/3belazirc.hu\/wp\/veszprem-megyei-rendorkapitanysag-majusi-hirlevel\/","og_locale":"hu_HU","og_type":"article","og_title":"Veszpr\u00e9m Megyei Rend\u0151rkapit\u00e1nys\u00e1g m\u00e1jusi h\u00edrlev\u00e9l - III. B\u00e9la Gimn\u00e1zium, M\u0171v\u00e9szeti Szakgimn\u00e1zium \u00e9s Alapfok\u00fa M\u0171v\u00e9szeti Iskola","og_description":"Iskol\u00e1nk di\u00e1kjainak nyertes p\u00e1ly\u00e1zatai megjelentek a Veszpr\u00e9mi Rend\u0151rkapit\u00e1nys\u00e1g Megel\u0151z\u00e9si H\u00edrlevel\u00e9ben! Gratul\u00e1lunk Nick Zs\u00f3fia 10. A oszt\u00e1lyos tanul\u00f3knak, valamint felk\u00e9sz\u00edt\u0151 tan\u00e1r\u00e1nak, K\u00fasz Katalin tan\u00e1rn\u0151nek! &nbsp;","og_url":"https:\/\/3belazirc.hu\/wp\/veszprem-megyei-rendorkapitanysag-majusi-hirlevel\/","og_site_name":"III. B\u00e9la Gimn\u00e1zium, M\u0171v\u00e9szeti Szakgimn\u00e1zium \u00e9s Alapfok\u00fa M\u0171v\u00e9szeti Iskola","article_publisher":"https:\/\/www.facebook.com\/3belazirc\/","article_author":"https:\/\/www.facebook.com\/SilentlambDesign\/","article_published_time":"2021-05-31T13:08:31+00:00","article_modified_time":"2021-05-31T13:11:36+00:00","author":"Radics P\u00e9ter","twitter_card":"summary_large_image","twitter_creator":"@d4rksh33p","twitter_misc":{"Szerz\u0151:":"Radics P\u00e9ter","Becs\u00fclt olvas\u00e1si id\u0151":"1 perc"},"schema":{"@context":"https:\/\/schema.org","@graph":[{"@type":"Article","@id":"https:\/\/3belazirc.hu\/wp\/veszprem-megyei-rendorkapitanysag-majusi-hirlevel\/#article","isPartOf":{"@id":"https:\/\/3belazirc.hu\/wp\/veszprem-megyei-rendorkapitanysag-majusi-hirlevel\/"},"author":{"name":"Radics P\u00e9ter","@id":"https:\/\/3belazirc.hu\/wp\/#\/schema\/person\/6f0c73969d88f5abb80e0fcfa21912c5"},"headline":"Veszpr\u00e9m Megyei Rend\u0151rkapit\u00e1nys\u00e1g m\u00e1jusi h\u00edrlev\u00e9l","datePublished":"2021-05-31T13:08:31+00:00","dateModified":"2021-05-31T13:11:36+00:00","mainEntityOfPage":{"@id":"https:\/\/3belazirc.hu\/wp\/veszprem-megyei-rendorkapitanysag-majusi-hirlevel\/"},"wordCount":77,"articleSection":["Nem kateg\u00f3riz\u00e1lt"],"inLanguage":"hu"},{"@type":"WebPage","@id":"https:\/\/3belazirc.hu\/wp\/veszprem-megyei-rendorkapitanysag-majusi-hirlevel\/","url":"https:\/\/3belazirc.hu\/wp\/veszprem-megyei-rendorkapitanysag-majusi-hirlevel\/","name":"Veszpr\u00e9m Megyei Rend\u0151rkapit\u00e1nys\u00e1g m\u00e1jusi h\u00edrlev\u00e9l - III. B\u00e9la Gimn\u00e1zium, M\u0171v\u00e9szeti Szakgimn\u00e1zium \u00e9s Alapfok\u00fa M\u0171v\u00e9szeti Iskola","isPartOf":{"@id":"https:\/\/3belazirc.hu\/wp\/#website"},"datePublished":"2021-05-31T13:08:31+00:00","dateModified":"2021-05-31T13:11:36+00:00","author":{"@id":"https:\/\/3belazirc.hu\/wp\/#\/schema\/person\/6f0c73969d88f5abb80e0fcfa21912c5"},"breadcrumb":{"@id":"https:\/\/3belazirc.hu\/wp\/veszprem-megyei-rendorkapitanysag-majusi-hirlevel\/#breadcrumb"},"inLanguage":"hu","potentialAction":[{"@type":"ReadAction","target":["https:\/\/3belazirc.hu\/wp\/veszprem-megyei-rendorkapitanysag-majusi-hirlevel\/"]}]},{"@type":"BreadcrumbList","@id":"https:\/\/3belazirc.hu\/wp\/veszprem-megyei-rendorkapitanysag-majusi-hirlevel\/#breadcrumb","itemListElement":[{"@type":"ListItem","position":1,"name":"Home","item":"https:\/\/3belazirc.hu\/wp\/"},{"@type":"ListItem","position":2,"name":"Veszpr\u00e9m Megyei Rend\u0151rkapit\u00e1nys\u00e1g m\u00e1jusi h\u00edrlev\u00e9l"}]},{"@type":"WebSite","@id":"https:\/\/3belazirc.hu\/wp\/#website","url":"https:\/\/3belazirc.hu\/wp\/","name":"III. B\u00e9la Gimn\u00e1zium, M\u0171v\u00e9szeti Szakgimn\u00e1zium \u00e9s AMI","description":"8420, Zirc K\u00f6zt\u00e1rsas\u00e1g utca 9. | tel: 88\/414-449 | mobil: 06-30-811-3176 | email: 3bela@bela-zirc.edu.hu | www.facebook.com\/iiibelazirc www.facebook.com\/zircizeneiskola","potentialAction":[{"@type":"SearchAction","target":{"@type":"EntryPoint","urlTemplate":"https:\/\/3belazirc.hu\/wp\/?s={search_term_string}"},"query-input":{"@type":"PropertyValueSpecification","valueRequired":true,"valueName":"search_term_string"}}],"inLanguage":"hu"},{"@type":"Person","@id":"https:\/\/3belazirc.hu\/wp\/#\/schema\/person\/6f0c73969d88f5abb80e0fcfa21912c5","name":"Radics P\u00e9ter","image":{"@type":"ImageObject","inLanguage":"hu","@id":"https:\/\/secure.gravatar.com\/avatar\/7546a48bbb6268c82e7e07e29f09f5253c4dd44d4a78ad4dac31ec9ff18e81df?s=96&d=mm&r=g","url":"https:\/\/secure.gravatar.com\/avatar\/7546a48bbb6268c82e7e07e29f09f5253c4dd44d4a78ad4dac31ec9ff18e81df?s=96&d=mm&r=g","contentUrl":"https:\/\/secure.gravatar.com\/avatar\/7546a48bbb6268c82e7e07e29f09f5253c4dd44d4a78ad4dac31ec9ff18e81df?s=96&d=mm&r=g","caption":"Radics P\u00e9ter"},"sameAs":["http:\/\/silentlamb.hu","https:\/\/www.facebook.com\/SilentlambDesign\/","https:\/\/www.instagram.com\/d4rksh33p\/?hl=hu","https:\/\/x.com\/d4rksh33p"]}]}},"publishpress_future_action":{"enabled":false,"date":"2026-05-03 07:05:10","action":"change-status","newStatus":"draft","terms":[],"taxonomy":"category","extraData":[]},"publishpress_future_workflow_manual_trigger":{"enabledWorkflows":[]},"_links":{"self":[{"href":"https:\/\/3belazirc.hu\/wp\/wp-json\/wp\/v2\/posts\/8085","targetHints":{"allow":["GET"]}}],"collection":[{"href":"https:\/\/3belazirc.hu\/wp\/wp-json\/wp\/v2\/posts"}],"about":[{"href":"https:\/\/3belazirc.hu\/wp\/wp-json\/wp\/v2\/types\/post"}],"author":[{"embeddable":true,"href":"https:\/\/3belazirc.hu\/wp\/wp-json\/wp\/v2\/users\/1"}],"replies":[{"embeddable":true,"href":"https:\/\/3belazirc.hu\/wp\/wp-json\/wp\/v2\/comments?post=8085"}],"version-history":[{"count":3,"href":"https:\/\/3belazirc.hu\/wp\/wp-json\/wp\/v2\/posts\/8085\/revisions"}],"predecessor-version":[{"id":8090,"href":"https:\/\/3belazirc.hu\/wp\/wp-json\/wp\/v2\/posts\/8085\/revisions\/8090"}],"wp:attachment":[{"href":"https:\/\/3belazirc.hu\/wp\/wp-json\/wp\/v2\/media?parent=8085"}],"wp:term":[{"taxonomy":"category","embeddable":true,"href":"https:\/\/3belazirc.hu\/wp\/wp-json\/wp\/v2\/categories?post=8085"},{"taxonomy":"post_tag","embeddable":true,"href":"https:\/\/3belazirc.hu\/wp\/wp-json\/wp\/v2\/tags?post=8085"}],"curies":[{"name":"wp","href":"https:\/\/api.w.org\/{rel}","templated":true}]}}